{"id":18596,"date":"2025-06-27T01:09:25","date_gmt":"2025-06-27T01:09:25","guid":{"rendered":"https:\/\/www.cargo-montreal.ca\/?p=18596"},"modified":"2025-06-27T01:09:45","modified_gmt":"2025-06-27T01:09:45","slug":"plan-daction-en-logistique-urbaine-accelerer-la-transition-des-pratiques","status":"publish","type":"post","link":"https:\/\/www.cargo-montreal.ca\/fr\/plan-daction-en-logistique-urbaine-accelerer-la-transition-des-pratiques\/","title":{"rendered":"Plan d\u2019action en logistique urbaine: acc\u00e9l\u00e9rer la transition des pratiques"},"content":{"rendered":"<div>\r\n<p align=\"justify\">Montr\u00e9al d\u00e9ploie un plan d\u2019action ambitieux pour transformer progressivement les pratiques de livraison sur son territoire afin de r\u00e9pondre aux enjeux de s\u00e9curit\u00e9, de mobilit\u00e9 et environnementaux que pose la circulation accrue des camions dans nos rues.<\/p>\r\n<p align=\"justify\">Avec ce premier plan d\u2019action, Montr\u00e9al cible la livraison urbaine sur le premier et le dernier kilom\u00e8tre en exposant une s\u00e9rie de mesures concr\u00e8tes. Ces actions s\u2019inscrivent dans une vision ambitieuse visant \u00e0 positionner la m\u00e9tropole comme une r\u00e9f\u00e9rence en Am\u00e9rique du Nord par l\u2019\u00e9tablissement d\u2019une logistique urbaine d\u00e9carbon\u00e9e, efficace et adapt\u00e9e \u00e0 la diversit\u00e9 des milieux de vie \u00e0 l\u2019horizon 2050.<\/p>\r\n<\/div>\r\n<div>\r\n<p align=\"justify\">Montr\u00e9al souhaite notamment qu\u2019une part importante des livraisons soient effectu\u00e9es de mani\u00e8re propre et s\u00e9curitaire par de petits v\u00e9hicules \u00e9lectriques. Ceci afin d\u2019am\u00e9liorer l\u2019efficacit\u00e9 des activit\u00e9s logistiques tout en r\u00e9duisant les impacts n\u00e9gatifs pour la collectivit\u00e9.<\/p>\r\n<p align=\"justify\">Source : Ville de Montr\u00e9al<\/p>\r\n<table role=\"presentation\" border=\"0\" cellspacing=\"0\" cellpadding=\"0\" align=\"center\">\r\n<tbody>\r\n<tr>\r\n<td align=\"center\" valign=\"middle\" bgcolor=\"#575a5d\"><a href=\"https:\/\/info.cargo-montreal.ca\/e3t\/Ctc\/ZU+113\/d11nbd04\/VWd01T8FbThnW4wRYl72W_8mwW6tdK5Q5ygJ9LN7bK2Z-5kvg8W50kH_H6lZ3prW2n8Phl1cgtyFW5yc_zz1DyL3mVW1GzS7fg27QW3nBmyh33tVtWVPCmZy2tcl_LN9hhZZ2bdYspN4CtnNPWCzLsW22hT5Q2Mbxl7W2m_cRv8mMD0KW1kQp7_5nKcLVN1QJnXgf7YKtN5gzlf4nvKvwW48yGp23p82X8W55vql88NZQfsW5rBCyc85NRR4VJvQvX8z0KkRW43xn112Fpxw1V_lpmn471-KKW1ycZzb7PxPzXW2VTKSZ2FLn5YW8F2twF8zCX6wW5xw7r92KRZmpW7ZRLzP6rPFnWW1jbtbr8XWtz9W8tmW4X6XRX2NW8-tL3p1Sqd7cW51bG6q8GXfrCN4QR4wkwzw5-W6DQSyF3cZlgdW99yjzc2Dx1GrW4srpXf4Wz9jxVpQ_lQ7LCvPxf8czbH004\" target=\"_blank\" rel=\"noopener\" data-saferedirecturl=\"https:\/\/www.google.com\/url?hl=fr-CA&amp;q=https:\/\/info.cargo-montreal.ca\/e3t\/Ctc\/ZU%2B113\/d11nbd04\/VWd01T8FbThnW4wRYl72W_8mwW6tdK5Q5ygJ9LN7bK2Z-5kvg8W50kH_H6lZ3prW2n8Phl1cgtyFW5yc_zz1DyL3mVW1GzS7fg27QW3nBmyh33tVtWVPCmZy2tcl_LN9hhZZ2bdYspN4CtnNPWCzLsW22hT5Q2Mbxl7W2m_cRv8mMD0KW1kQp7_5nKcLVN1QJnXgf7YKtN5gzlf4nvKvwW48yGp23p82X8W55vql88NZQfsW5rBCyc85NRR4VJvQvX8z0KkRW43xn112Fpxw1V_lpmn471-KKW1ycZzb7PxPzXW2VTKSZ2FLn5YW8F2twF8zCX6wW5xw7r92KRZmpW7ZRLzP6rPFnWW1jbtbr8XWtz9W8tmW4X6XRX2NW8-tL3p1Sqd7cW51bG6q8GXfrCN4QR4wkwzw5-W6DQSyF3cZlgdW99yjzc2Dx1GrW4srpXf4Wz9jxVpQ_lQ7LCvPxf8czbH004&amp;source=gmail&amp;ust=1751072463753000&amp;usg=AOvVaw25MBnCUkYullLLCw_sbNfZ\"><strong>T\u00e9l\u00e9chargez le plan d&rsquo;action<\/strong><\/a><\/td>\r\n<\/tr>\r\n<\/tbody>\r\n<\/table>\r\n<\/div>","protected":false},"excerpt":{"rendered":"Montr\u00e9al d\u00e9ploie un plan d\u2019action ambitieux pour transformer progressivement les pratiques de livraison sur son territoire afin de r\u00e9pondre aux enjeux de s\u00e9curit\u00e9, de mobilit\u00e9 et environnementaux que pose la circulation accrue des camions dans nos rues. Avec ce premier plan d\u2019action, Montr\u00e9al cible la livraison urbaine sur le premier et le dernier kilom\u00e8tre en [&hellip;]","protected":false},"author":39,"featured_media":18570,"comment_status":"closed","ping_status":"closed","sticky":false,"template":"","format":"standard","meta":{"_acf_changed":false,"footnotes":""},"categories":[20],"tags":[],"class_list":["post-18596","post","type-post","status-publish","format-standard","has-post-thumbnail","hentry","category-services-logistiques"],"acf":[],"yoast_head":"<!-- This site is optimized with the Yoast SEO plugin v27.3 - https:\/\/yoast.com\/product\/yoast-seo-wordpress\/ -->\n<title>Plan d\u2019action en logistique urbaine: acc\u00e9l\u00e9rer la transition des pratiques - CargoM<\/title>\n<meta name=\"robots\" content=\"index, follow, max-snippet:-1, max-image-preview:large, max-video-preview:-1\" \/>\n<link rel=\"canonical\" href=\"https:\/\/www.cargo-montreal.ca\/fr\/plan-daction-en-logistique-urbaine-accelerer-la-transition-des-pratiques\/\" \/>\n<meta property=\"og:locale\" content=\"fr_FR\" \/>\n<meta property=\"og:type\" content=\"article\" \/>\n<meta property=\"og:title\" content=\"Plan d\u2019action en logistique urbaine: acc\u00e9l\u00e9rer la transition des pratiques - CargoM\" \/>\n<meta property=\"og:description\" content=\"Montr\u00e9al d\u00e9ploie un plan d\u2019action ambitieux pour transformer progressivement les pratiques de livraison sur son territoire afin de r\u00e9pondre aux enjeux de s\u00e9curit\u00e9, de mobilit\u00e9 et environnementaux que pose la circulation accrue des camions dans nos rues. Avec ce premier plan d\u2019action, Montr\u00e9al cible la livraison urbaine sur le premier et le dernier kilom\u00e8tre en [&hellip;]\" \/>\n<meta property=\"og:url\" content=\"https:\/\/www.cargo-montreal.ca\/fr\/plan-daction-en-logistique-urbaine-accelerer-la-transition-des-pratiques\/\" \/>\n<meta property=\"og:site_name\" content=\"CargoM\" \/>\n<meta property=\"article:published_time\" content=\"2025-06-27T01:09:25+00:00\" \/>\n<meta property=\"article:modified_time\" content=\"2025-06-27T01:09:45+00:00\" \/>\n<meta property=\"og:image\" content=\"https:\/\/www.cargo-montreal.ca\/wp-content\/uploads\/2025\/06\/Capture-decran-2025-06-26-112523.png\" \/>\n\t<meta property=\"og:image:width\" content=\"529\" \/>\n\t<meta property=\"og:image:height\" content=\"681\" \/>\n\t<meta property=\"og:image:type\" content=\"image\/png\" \/>\n<meta name=\"author\" content=\"Karine Dudognon\" \/>\n<meta name=\"twitter:card\" content=\"summary_large_image\" \/>\n<meta name=\"twitter:label1\" content=\"\u00c9crit par\" \/>\n\t<meta name=\"twitter:data1\" content=\"Karine Dudognon\" \/>\n\t<meta name=\"twitter:label2\" content=\"Dur\u00e9e de lecture estim\u00e9e\" \/>\n\t<meta name=\"twitter:data2\" content=\"1 minute\" \/>\n<script type=\"application\/ld+json\" class=\"yoast-schema-graph\">{\"@context\":\"https:\\\/\\\/schema.org\",\"@graph\":[{\"@type\":\"Article\",\"@id\":\"https:\\\/\\\/www.cargo-montreal.ca\\\/fr\\\/plan-daction-en-logistique-urbaine-accelerer-la-transition-des-pratiques\\\/#article\",\"isPartOf\":{\"@id\":\"https:\\\/\\\/www.cargo-montreal.ca\\\/fr\\\/plan-daction-en-logistique-urbaine-accelerer-la-transition-des-pratiques\\\/\"},\"author\":{\"name\":\"Karine Dudognon\",\"@id\":\"https:\\\/\\\/www.cargo-montreal.ca\\\/fr\\\/#\\\/schema\\\/person\\\/80476d173ce654813db9fd1533901365\"},\"headline\":\"Plan d\u2019action en logistique urbaine: acc\u00e9l\u00e9rer la transition des pratiques\",\"datePublished\":\"2025-06-27T01:09:25+00:00\",\"dateModified\":\"2025-06-27T01:09:45+00:00\",\"mainEntityOfPage\":{\"@id\":\"https:\\\/\\\/www.cargo-montreal.ca\\\/fr\\\/plan-daction-en-logistique-urbaine-accelerer-la-transition-des-pratiques\\\/\"},\"wordCount\":189,\"image\":{\"@id\":\"https:\\\/\\\/www.cargo-montreal.ca\\\/fr\\\/plan-daction-en-logistique-urbaine-accelerer-la-transition-des-pratiques\\\/#primaryimage\"},\"thumbnailUrl\":\"https:\\\/\\\/www.cargo-montreal.ca\\\/wp-content\\\/uploads\\\/2025\\\/06\\\/Capture-decran-2025-06-26-112523.png\",\"articleSection\":[\"Services logistiques\"],\"inLanguage\":\"fr-FR\"},{\"@type\":\"WebPage\",\"@id\":\"https:\\\/\\\/www.cargo-montreal.ca\\\/fr\\\/plan-daction-en-logistique-urbaine-accelerer-la-transition-des-pratiques\\\/\",\"url\":\"https:\\\/\\\/www.cargo-montreal.ca\\\/fr\\\/plan-daction-en-logistique-urbaine-accelerer-la-transition-des-pratiques\\\/\",\"name\":\"Plan d\u2019action en logistique urbaine: acc\u00e9l\u00e9rer la transition des pratiques - CargoM\",\"isPartOf\":{\"@id\":\"https:\\\/\\\/www.cargo-montreal.ca\\\/fr\\\/#website\"},\"primaryImageOfPage\":{\"@id\":\"https:\\\/\\\/www.cargo-montreal.ca\\\/fr\\\/plan-daction-en-logistique-urbaine-accelerer-la-transition-des-pratiques\\\/#primaryimage\"},\"image\":{\"@id\":\"https:\\\/\\\/www.cargo-montreal.ca\\\/fr\\\/plan-daction-en-logistique-urbaine-accelerer-la-transition-des-pratiques\\\/#primaryimage\"},\"thumbnailUrl\":\"https:\\\/\\\/www.cargo-montreal.ca\\\/wp-content\\\/uploads\\\/2025\\\/06\\\/Capture-decran-2025-06-26-112523.png\",\"datePublished\":\"2025-06-27T01:09:25+00:00\",\"dateModified\":\"2025-06-27T01:09:45+00:00\",\"author\":{\"@id\":\"https:\\\/\\\/www.cargo-montreal.ca\\\/fr\\\/#\\\/schema\\\/person\\\/80476d173ce654813db9fd1533901365\"},\"breadcrumb\":{\"@id\":\"https:\\\/\\\/www.cargo-montreal.ca\\\/fr\\\/plan-daction-en-logistique-urbaine-accelerer-la-transition-des-pratiques\\\/#breadcrumb\"},\"inLanguage\":\"fr-FR\",\"potentialAction\":[{\"@type\":\"ReadAction\",\"target\":[\"https:\\\/\\\/www.cargo-montreal.ca\\\/fr\\\/plan-daction-en-logistique-urbaine-accelerer-la-transition-des-pratiques\\\/\"]}]},{\"@type\":\"ImageObject\",\"inLanguage\":\"fr-FR\",\"@id\":\"https:\\\/\\\/www.cargo-montreal.ca\\\/fr\\\/plan-daction-en-logistique-urbaine-accelerer-la-transition-des-pratiques\\\/#primaryimage\",\"url\":\"https:\\\/\\\/www.cargo-montreal.ca\\\/wp-content\\\/uploads\\\/2025\\\/06\\\/Capture-decran-2025-06-26-112523.png\",\"contentUrl\":\"https:\\\/\\\/www.cargo-montreal.ca\\\/wp-content\\\/uploads\\\/2025\\\/06\\\/Capture-decran-2025-06-26-112523.png\",\"width\":529,\"height\":681},{\"@type\":\"BreadcrumbList\",\"@id\":\"https:\\\/\\\/www.cargo-montreal.ca\\\/fr\\\/plan-daction-en-logistique-urbaine-accelerer-la-transition-des-pratiques\\\/#breadcrumb\",\"itemListElement\":[{\"@type\":\"ListItem\",\"position\":1,\"name\":\"Home\",\"item\":\"https:\\\/\\\/www.cargo-montreal.ca\\\/fr\\\/\"},{\"@type\":\"ListItem\",\"position\":2,\"name\":\"Plan d\u2019action en logistique urbaine: acc\u00e9l\u00e9rer la transition des pratiques\"}]},{\"@type\":\"WebSite\",\"@id\":\"https:\\\/\\\/www.cargo-montreal.ca\\\/fr\\\/#website\",\"url\":\"https:\\\/\\\/www.cargo-montreal.ca\\\/fr\\\/\",\"name\":\"CargoM\",\"description\":\"La mission de CargoM: Rassembler les acteurs de la logistique &amp; du transport de marchandises du Grand Montr\u00e9al autour d&#039;objectifs communs, d&#039;actions concert\u00e9es\",\"potentialAction\":[{\"@type\":\"SearchAction\",\"target\":{\"@type\":\"EntryPoint\",\"urlTemplate\":\"https:\\\/\\\/www.cargo-montreal.ca\\\/fr\\\/?s={search_term_string}\"},\"query-input\":{\"@type\":\"PropertyValueSpecification\",\"valueRequired\":true,\"valueName\":\"search_term_string\"}}],\"inLanguage\":\"fr-FR\"},{\"@type\":\"Person\",\"@id\":\"https:\\\/\\\/www.cargo-montreal.ca\\\/fr\\\/#\\\/schema\\\/person\\\/80476d173ce654813db9fd1533901365\",\"name\":\"Karine Dudognon\",\"image\":{\"@type\":\"ImageObject\",\"inLanguage\":\"fr-FR\",\"@id\":\"https:\\\/\\\/secure.gravatar.com\\\/avatar\\\/673bdfb703a9b6685a88bc7dfb04a9ea2b48b30e9d1663a5e759a4e9bfa3e2c0?s=96&d=mm&r=g\",\"url\":\"https:\\\/\\\/secure.gravatar.com\\\/avatar\\\/673bdfb703a9b6685a88bc7dfb04a9ea2b48b30e9d1663a5e759a4e9bfa3e2c0?s=96&d=mm&r=g\",\"contentUrl\":\"https:\\\/\\\/secure.gravatar.com\\\/avatar\\\/673bdfb703a9b6685a88bc7dfb04a9ea2b48b30e9d1663a5e759a4e9bfa3e2c0?s=96&d=mm&r=g\",\"caption\":\"Karine Dudognon\"},\"url\":\"https:\\\/\\\/www.cargo-montreal.ca\\\/fr\\\/author\\\/karine\\\/\"}]}<\/script>\n<!-- \/ Yoast SEO plugin. -->","yoast_head_json":{"title":"Plan d\u2019action en logistique urbaine: acc\u00e9l\u00e9rer la transition des pratiques - CargoM","robots":{"index":"index","follow":"follow","max-snippet":"max-snippet:-1","max-image-preview":"max-image-preview:large","max-video-preview":"max-video-preview:-1"},"canonical":"https:\/\/www.cargo-montreal.ca\/fr\/plan-daction-en-logistique-urbaine-accelerer-la-transition-des-pratiques\/","og_locale":"fr_FR","og_type":"article","og_title":"Plan d\u2019action en logistique urbaine: acc\u00e9l\u00e9rer la transition des pratiques - CargoM","og_description":"Montr\u00e9al d\u00e9ploie un plan d\u2019action ambitieux pour transformer progressivement les pratiques de livraison sur son territoire afin de r\u00e9pondre aux enjeux de s\u00e9curit\u00e9, de mobilit\u00e9 et environnementaux que pose la circulation accrue des camions dans nos rues. Avec ce premier plan d\u2019action, Montr\u00e9al cible la livraison urbaine sur le premier et le dernier kilom\u00e8tre en [&hellip;]","og_url":"https:\/\/www.cargo-montreal.ca\/fr\/plan-daction-en-logistique-urbaine-accelerer-la-transition-des-pratiques\/","og_site_name":"CargoM","article_published_time":"2025-06-27T01:09:25+00:00","article_modified_time":"2025-06-27T01:09:45+00:00","og_image":[{"width":529,"height":681,"url":"https:\/\/www.cargo-montreal.ca\/wp-content\/uploads\/2025\/06\/Capture-decran-2025-06-26-112523.png","type":"image\/png"}],"author":"Karine Dudognon","twitter_card":"summary_large_image","twitter_misc":{"\u00c9crit par":"Karine Dudognon","Dur\u00e9e de lecture estim\u00e9e":"1 minute"},"schema":{"@context":"https:\/\/schema.org","@graph":[{"@type":"Article","@id":"https:\/\/www.cargo-montreal.ca\/fr\/plan-daction-en-logistique-urbaine-accelerer-la-transition-des-pratiques\/#article","isPartOf":{"@id":"https:\/\/www.cargo-montreal.ca\/fr\/plan-daction-en-logistique-urbaine-accelerer-la-transition-des-pratiques\/"},"author":{"name":"Karine Dudognon","@id":"https:\/\/www.cargo-montreal.ca\/fr\/#\/schema\/person\/80476d173ce654813db9fd1533901365"},"headline":"Plan d\u2019action en logistique urbaine: acc\u00e9l\u00e9rer la transition des pratiques","datePublished":"2025-06-27T01:09:25+00:00","dateModified":"2025-06-27T01:09:45+00:00","mainEntityOfPage":{"@id":"https:\/\/www.cargo-montreal.ca\/fr\/plan-daction-en-logistique-urbaine-accelerer-la-transition-des-pratiques\/"},"wordCount":189,"image":{"@id":"https:\/\/www.cargo-montreal.ca\/fr\/plan-daction-en-logistique-urbaine-accelerer-la-transition-des-pratiques\/#primaryimage"},"thumbnailUrl":"https:\/\/www.cargo-montreal.ca\/wp-content\/uploads\/2025\/06\/Capture-decran-2025-06-26-112523.png","articleSection":["Services logistiques"],"inLanguage":"fr-FR"},{"@type":"WebPage","@id":"https:\/\/www.cargo-montreal.ca\/fr\/plan-daction-en-logistique-urbaine-accelerer-la-transition-des-pratiques\/","url":"https:\/\/www.cargo-montreal.ca\/fr\/plan-daction-en-logistique-urbaine-accelerer-la-transition-des-pratiques\/","name":"Plan d\u2019action en logistique urbaine: acc\u00e9l\u00e9rer la transition des pratiques - CargoM","isPartOf":{"@id":"https:\/\/www.cargo-montreal.ca\/fr\/#website"},"primaryImageOfPage":{"@id":"https:\/\/www.cargo-montreal.ca\/fr\/plan-daction-en-logistique-urbaine-accelerer-la-transition-des-pratiques\/#primaryimage"},"image":{"@id":"https:\/\/www.cargo-montreal.ca\/fr\/plan-daction-en-logistique-urbaine-accelerer-la-transition-des-pratiques\/#primaryimage"},"thumbnailUrl":"https:\/\/www.cargo-montreal.ca\/wp-content\/uploads\/2025\/06\/Capture-decran-2025-06-26-112523.png","datePublished":"2025-06-27T01:09:25+00:00","dateModified":"2025-06-27T01:09:45+00:00","author":{"@id":"https:\/\/www.cargo-montreal.ca\/fr\/#\/schema\/person\/80476d173ce654813db9fd1533901365"},"breadcrumb":{"@id":"https:\/\/www.cargo-montreal.ca\/fr\/plan-daction-en-logistique-urbaine-accelerer-la-transition-des-pratiques\/#breadcrumb"},"inLanguage":"fr-FR","potentialAction":[{"@type":"ReadAction","target":["https:\/\/www.cargo-montreal.ca\/fr\/plan-daction-en-logistique-urbaine-accelerer-la-transition-des-pratiques\/"]}]},{"@type":"ImageObject","inLanguage":"fr-FR","@id":"https:\/\/www.cargo-montreal.ca\/fr\/plan-daction-en-logistique-urbaine-accelerer-la-transition-des-pratiques\/#primaryimage","url":"https:\/\/www.cargo-montreal.ca\/wp-content\/uploads\/2025\/06\/Capture-decran-2025-06-26-112523.png","contentUrl":"https:\/\/www.cargo-montreal.ca\/wp-content\/uploads\/2025\/06\/Capture-decran-2025-06-26-112523.png","width":529,"height":681},{"@type":"BreadcrumbList","@id":"https:\/\/www.cargo-montreal.ca\/fr\/plan-daction-en-logistique-urbaine-accelerer-la-transition-des-pratiques\/#breadcrumb","itemListElement":[{"@type":"ListItem","position":1,"name":"Home","item":"https:\/\/www.cargo-montreal.ca\/fr\/"},{"@type":"ListItem","position":2,"name":"Plan d\u2019action en logistique urbaine: acc\u00e9l\u00e9rer la transition des pratiques"}]},{"@type":"WebSite","@id":"https:\/\/www.cargo-montreal.ca\/fr\/#website","url":"https:\/\/www.cargo-montreal.ca\/fr\/","name":"CargoM","description":"La mission de CargoM: Rassembler les acteurs de la logistique &amp; du transport de marchandises du Grand Montr\u00e9al autour d&#039;objectifs communs, d&#039;actions concert\u00e9es","potentialAction":[{"@type":"SearchAction","target":{"@type":"EntryPoint","urlTemplate":"https:\/\/www.cargo-montreal.ca\/fr\/?s={search_term_string}"},"query-input":{"@type":"PropertyValueSpecification","valueRequired":true,"valueName":"search_term_string"}}],"inLanguage":"fr-FR"},{"@type":"Person","@id":"https:\/\/www.cargo-montreal.ca\/fr\/#\/schema\/person\/80476d173ce654813db9fd1533901365","name":"Karine Dudognon","image":{"@type":"ImageObject","inLanguage":"fr-FR","@id":"https:\/\/secure.gravatar.com\/avatar\/673bdfb703a9b6685a88bc7dfb04a9ea2b48b30e9d1663a5e759a4e9bfa3e2c0?s=96&d=mm&r=g","url":"https:\/\/secure.gravatar.com\/avatar\/673bdfb703a9b6685a88bc7dfb04a9ea2b48b30e9d1663a5e759a4e9bfa3e2c0?s=96&d=mm&r=g","contentUrl":"https:\/\/secure.gravatar.com\/avatar\/673bdfb703a9b6685a88bc7dfb04a9ea2b48b30e9d1663a5e759a4e9bfa3e2c0?s=96&d=mm&r=g","caption":"Karine Dudognon"},"url":"https:\/\/www.cargo-montreal.ca\/fr\/author\/karine\/"}]}},"_links":{"self":[{"href":"https:\/\/www.cargo-montreal.ca\/fr\/wp-json\/wp\/v2\/posts\/18596","targetHints":{"allow":["GET"]}}],"collection":[{"href":"https:\/\/www.cargo-montreal.ca\/fr\/wp-json\/wp\/v2\/posts"}],"about":[{"href":"https:\/\/www.cargo-montreal.ca\/fr\/wp-json\/wp\/v2\/types\/post"}],"author":[{"embeddable":true,"href":"https:\/\/www.cargo-montreal.ca\/fr\/wp-json\/wp\/v2\/users\/39"}],"replies":[{"embeddable":true,"href":"https:\/\/www.cargo-montreal.ca\/fr\/wp-json\/wp\/v2\/comments?post=18596"}],"version-history":[{"count":2,"href":"https:\/\/www.cargo-montreal.ca\/fr\/wp-json\/wp\/v2\/posts\/18596\/revisions"}],"predecessor-version":[{"id":18598,"href":"https:\/\/www.cargo-montreal.ca\/fr\/wp-json\/wp\/v2\/posts\/18596\/revisions\/18598"}],"wp:featuredmedia":[{"embeddable":true,"href":"https:\/\/www.cargo-montreal.ca\/fr\/wp-json\/wp\/v2\/media\/18570"}],"wp:attachment":[{"href":"https:\/\/www.cargo-montreal.ca\/fr\/wp-json\/wp\/v2\/media?parent=18596"}],"wp:term":[{"taxonomy":"category","embeddable":true,"href":"https:\/\/www.cargo-montreal.ca\/fr\/wp-json\/wp\/v2\/categories?post=18596"},{"taxonomy":"post_tag","embeddable":true,"href":"https:\/\/www.cargo-montreal.ca\/fr\/wp-json\/wp\/v2\/tags?post=18596"}],"curies":[{"name":"wp","href":"https:\/\/api.w.org\/{rel}","templated":true}]}}