{"id":18599,"date":"2025-06-27T01:10:43","date_gmt":"2025-06-27T01:10:43","guid":{"rendered":"https:\/\/www.cargo-montreal.ca\/?p=18599"},"modified":"2025-06-27T01:10:43","modified_gmt":"2025-06-27T01:10:43","slug":"calendrier-des-evenements-23","status":"publish","type":"post","link":"https:\/\/www.cargo-montreal.ca\/fr\/calendrier-des-evenements-23\/","title":{"rendered":"Calendrier des \u00e9v\u00e9nements"},"content":{"rendered":"<div id=\"m_2761475251068288989section_1748366681939\" class=\"m_2761475251068288989hse-section\">\r\n<div class=\"m_2761475251068288989hse-column-container m_2761475251068288989hse-border-m\">\r\n<div id=\"m_2761475251068288989column_1748366681939_0\" class=\"m_2761475251068288989hse-column m_2761475251068288989hse-size-12\">\r\n<table role=\"presentation\" width=\"100%\" cellspacing=\"0\" cellpadding=\"0\">\r\n<tbody>\r\n<tr>\r\n<td class=\"m_2761475251068288989hs_padded\">\r\n<div id=\"m_2761475251068288989hs_cos_wrapper_module_174283178133521\">\r\n<div id=\"m_2761475251068288989hs_cos_wrapper_module_174283178133521_\">\r\n<p align=\"justify\">Ne manquez pas les \u00e9v\u00e9nements suivants. Si vous souhaitez que CargoM ajoute votre \u00e9v\u00e9nement \u00e0 son\u00a0<a href=\"https:\/\/info.cargo-montreal.ca\/e3t\/Ctc\/ZU+113\/d11nbd04\/VWd01T8FbThnW4wRYl72W_8mwW6tdK5Q5ygJ9LN7bK2_83lYM-W7lCdLW6lZ3mCW1Ts7Lp6C_RbkN7FXC4nNyBftW3g2HD47cjDfNW14m1z-9b_4XhW5qtcVt96d72pW6zT5Jm3xc4RjW1z7_Tc1Gy15WW7RxY9Z6w09HmW4mzVlQ4tj7sBW9j3Z2Q7LXL9rVrG-Q72SVqW_W5nQ2xC5kkC68W6_FQlG6JmKf6W7MfLtS1LSnpZW6XMWbQ5g_RKxW7wKHDz4G4hKxW4tT10W4Rk6L1W3PWYH-6q886RW3hr1wj3s6BkVW4s1sDk6Y7YJgW5tq07T91rlWyW3h24l139DFX0W1pSCQc5MtTsKW779kH95sS4LXf6fqY1F04\" target=\"_blank\" rel=\"noopener\" data-saferedirecturl=\"https:\/\/www.google.com\/url?hl=fr-CA&amp;q=https:\/\/info.cargo-montreal.ca\/e3t\/Ctc\/ZU%2B113\/d11nbd04\/VWd01T8FbThnW4wRYl72W_8mwW6tdK5Q5ygJ9LN7bK2_83lYM-W7lCdLW6lZ3mCW1Ts7Lp6C_RbkN7FXC4nNyBftW3g2HD47cjDfNW14m1z-9b_4XhW5qtcVt96d72pW6zT5Jm3xc4RjW1z7_Tc1Gy15WW7RxY9Z6w09HmW4mzVlQ4tj7sBW9j3Z2Q7LXL9rVrG-Q72SVqW_W5nQ2xC5kkC68W6_FQlG6JmKf6W7MfLtS1LSnpZW6XMWbQ5g_RKxW7wKHDz4G4hKxW4tT10W4Rk6L1W3PWYH-6q886RW3hr1wj3s6BkVW4s1sDk6Y7YJgW5tq07T91rlWyW3h24l139DFX0W1pSCQc5MtTsKW779kH95sS4LXf6fqY1F04&amp;source=gmail&amp;ust=1751072463753000&amp;usg=AOvVaw1qMsTzdsHKWPBihNj9oq7C\">calendrier<\/a>, contactez\u00a0<a href=\"mailto:kdudognon@cargo-montreal.ca\" target=\"_blank\" rel=\"noopener\">Karine Dudognon<\/a>.\u00a0<\/p>\r\n<\/div>\r\n<\/div>\r\n<\/td>\r\n<\/tr>\r\n<\/tbody>\r\n<\/table>\r\n<\/div>\r\n<\/div>\r\n<\/div>\r\n<div id=\"m_2761475251068288989section_1743002369446\" class=\"m_2761475251068288989hse-section\">\r\n<div class=\"m_2761475251068288989hse-column-container m_2761475251068288989hse-border-m\">\r\n<div id=\"m_2761475251068288989column_1743002369446_0\" class=\"m_2761475251068288989hse-column m_2761475251068288989hse-size-12\">\r\n<table role=\"presentation\" width=\"100%\" cellspacing=\"0\" cellpadding=\"0\">\r\n<tbody>\r\n<tr>\r\n<td class=\"m_2761475251068288989hs_padded\">\r\n<div id=\"m_2761475251068288989hs_cos_wrapper_module_17401444125018\">\r\n<div id=\"m_2761475251068288989hs_cos_wrapper_module_17401444125018_\">\r\n<p align=\"justify\">3 juillet 2025 \u2013\u00a0<a href=\"https:\/\/info.cargo-montreal.ca\/e3t\/Ctc\/ZU+113\/d11nbd04\/VWd01T8FbThnW4wRYl72W_8mwW6tdK5Q5ygJ9LN7bK3023lYM-W95jsWP6lZ3nGW5KKF393RvFXtN80zhNmf0ZfzW5TphS33MYyX8W39F73W3xzXnLN4T1Y7HlMCSvW31NZRm45TBvZW38GHLv7K9dgmW6Hfbg2860rDcW4-lRTF5LZJJyV2ZMBB2lZRm9W6PPSCX2k1Z-2W5LB_dT4NLp20VL3M0j77dcsxW6mC98D8b5FjgW6t0nnP7FFpDbW3kcQGY7Gy026W7Nt5yM1bfqX1W8HmtYs610fzbW8mQ3CC3qWCJ-W5X2pKc23SLhCW6wWHZw3yV2GGN6gfySqLbPfnW3l6Qc02TRpmjVGrqqM3y5LWtW4v5tRq4hJWYlW7lYFBJ22NwQlW4VDxvs1CV1cyW2DZNY56f0P21W888Yjc3NlslcW2xhVss7ygGYHf7gMZl804\" target=\"_blank\" rel=\"noopener\" data-saferedirecturl=\"https:\/\/www.google.com\/url?hl=fr-CA&amp;q=https:\/\/info.cargo-montreal.ca\/e3t\/Ctc\/ZU%2B113\/d11nbd04\/VWd01T8FbThnW4wRYl72W_8mwW6tdK5Q5ygJ9LN7bK3023lYM-W95jsWP6lZ3nGW5KKF393RvFXtN80zhNmf0ZfzW5TphS33MYyX8W39F73W3xzXnLN4T1Y7HlMCSvW31NZRm45TBvZW38GHLv7K9dgmW6Hfbg2860rDcW4-lRTF5LZJJyV2ZMBB2lZRm9W6PPSCX2k1Z-2W5LB_dT4NLp20VL3M0j77dcsxW6mC98D8b5FjgW6t0nnP7FFpDbW3kcQGY7Gy026W7Nt5yM1bfqX1W8HmtYs610fzbW8mQ3CC3qWCJ-W5X2pKc23SLhCW6wWHZw3yV2GGN6gfySqLbPfnW3l6Qc02TRpmjVGrqqM3y5LWtW4v5tRq4hJWYlW7lYFBJ22NwQlW4VDxvs1CV1cyW2DZNY56f0P21W888Yjc3NlslcW2xhVss7ygGYHf7gMZl804&amp;source=gmail&amp;ust=1751072463753000&amp;usg=AOvVaw30TZuRtccZUlgZD_GC5OOZ\">Webinaire : Au bout de la cha\u00eene &#8211; Nadine Bernier<\/a>\u00a0\u2013\u00a0<a href=\"https:\/\/info.cargo-montreal.ca\/e3t\/Ctc\/ZU+113\/d11nbd04\/VWd01T8FbThnW4wRYl72W_8mwW6tdK5Q5ygJ9LN7bK2-T3lYM-W6N1vHY6lZ3lVW6yMy3k6TGJpdW21qVNF4GXBb_W3FpMWL4jv2FFN4cfD5rX9y76W2cc4rL1R4j7WW1wp91691dJz9W3RXp-w702QvwW4PvKpt5th7XnW8NGdp12g6fGrW48FNp82GBhN9W4TgKJ98CZQGSW5KjdY62mw6SDW7jkVz08zSFxKN4FJ1T2T65NfW6zmq_D2tTJ0_W586D_l5017vdW3NYxY72vjs3gVwF4tM5y58jNW3PHlz256NXFyW1-TlMs4xxM3VW5_4wt47wqbHNW6FK7kw5twH9ff1Xy-7g04\" target=\"_blank\" rel=\"noopener\" data-saferedirecturl=\"https:\/\/www.google.com\/url?hl=fr-CA&amp;q=https:\/\/info.cargo-montreal.ca\/e3t\/Ctc\/ZU%2B113\/d11nbd04\/VWd01T8FbThnW4wRYl72W_8mwW6tdK5Q5ygJ9LN7bK2-T3lYM-W6N1vHY6lZ3lVW6yMy3k6TGJpdW21qVNF4GXBb_W3FpMWL4jv2FFN4cfD5rX9y76W2cc4rL1R4j7WW1wp91691dJz9W3RXp-w702QvwW4PvKpt5th7XnW8NGdp12g6fGrW48FNp82GBhN9W4TgKJ98CZQGSW5KjdY62mw6SDW7jkVz08zSFxKN4FJ1T2T65NfW6zmq_D2tTJ0_W586D_l5017vdW3NYxY72vjs3gVwF4tM5y58jNW3PHlz256NXFyW1-TlMs4xxM3VW5_4wt47wqbHNW6FK7kw5twH9ff1Xy-7g04&amp;source=gmail&amp;ust=1751072463753000&amp;usg=AOvVaw2AG__FOhBwLIxP7fsUGLat\">Cha\u00eene d\u2019approvisionnement Canada<\/a><\/p>\r\n<p align=\"justify\">8 juillet 2025 \u2013\u00a0<a href=\"https:\/\/info.cargo-montreal.ca\/e3t\/Ctc\/ZU+113\/d11nbd04\/VWd01T8FbThnW4wRYl72W_8mwW6tdK5Q5ygJ9LN7bK2_s3lYM-W7Y8-PT6lZ3nzW5ZPZ6Z3cjHRvW4lY_gc284g0-W5pcsbP1hFSxPW8bG_Jv7nNwl_W87Vb_t88cXDjW5Rb-mh97-5QvW2xLxl73ptvHrW7xqlYQ6hM--kW15_tyf8sV-_VW60BpFz7drsNdW2shkH-4_4s9qW1RmWfl1w9vXkN84HqbrxYJt-W5rLMz_2FZpc4W5P3rFG2qq0CvW3q3QGy3ZdLLYN1yh8r3rNmZSW968nx847h1rlW3n5wyM2fMdYyW3qCq_W1k4n_gW7lRySp2qCs1dW7l3gP26j69ZHW5wq7wj392zCZW8ws0__4PvmlsV3V0t21rgq7HW2GP6Mh4njgX3f5TWZfq04\" target=\"_blank\" rel=\"noopener\" data-saferedirecturl=\"https:\/\/www.google.com\/url?hl=fr-CA&amp;q=https:\/\/info.cargo-montreal.ca\/e3t\/Ctc\/ZU%2B113\/d11nbd04\/VWd01T8FbThnW4wRYl72W_8mwW6tdK5Q5ygJ9LN7bK2_s3lYM-W7Y8-PT6lZ3nzW5ZPZ6Z3cjHRvW4lY_gc284g0-W5pcsbP1hFSxPW8bG_Jv7nNwl_W87Vb_t88cXDjW5Rb-mh97-5QvW2xLxl73ptvHrW7xqlYQ6hM--kW15_tyf8sV-_VW60BpFz7drsNdW2shkH-4_4s9qW1RmWfl1w9vXkN84HqbrxYJt-W5rLMz_2FZpc4W5P3rFG2qq0CvW3q3QGy3ZdLLYN1yh8r3rNmZSW968nx847h1rlW3n5wyM2fMdYyW3qCq_W1k4n_gW7lRySp2qCs1dW7l3gP26j69ZHW5wq7wj392zCZW8ws0__4PvmlsV3V0t21rgq7HW2GP6Mh4njgX3f5TWZfq04&amp;source=gmail&amp;ust=1751072463753000&amp;usg=AOvVaw19XIQ_B2cIxIQYUosN_RBE\">Assembl\u00e9e publique annuelle<\/a>\u00a0\u2013\u00a0<a href=\"https:\/\/info.cargo-montreal.ca\/e3t\/Ctc\/ZU+113\/d11nbd04\/VWd01T8FbThnW4wRYl72W_8mwW6tdK5Q5ygJ9LN7bK2_83lYM-W7lCdLW6lZ3nfW7RPcHq8kGsx6W7H5g1N2wnDGfW79SPFd824qlxW4NHDVT7m10KmVTnKS64hrJf-Mv9C9sZ_WpfW1YzCld7F5WZ9W7d8QqK7qt8MyW2BYtMD6tj65jW1D7bbW68Tjr9VdqhTC8THjHnW4QWDVL7Kx7qKV11QQl5HqL2mW6g1XJy6h90k1W9lZ1178RrCNrW9gZmlw2HqrYTW95Xk406kvZ9YW958WRK2ynKnyW14bPQm121YJ8N3tCsgg9rqKdW7fLhfK6Z9VgRVgr99T67b4B1W6qZ2fk95qm9yW6_q6fB2Dp2QSf14cGN604\" target=\"_blank\" rel=\"noopener\" data-saferedirecturl=\"https:\/\/www.google.com\/url?hl=fr-CA&amp;q=https:\/\/info.cargo-montreal.ca\/e3t\/Ctc\/ZU%2B113\/d11nbd04\/VWd01T8FbThnW4wRYl72W_8mwW6tdK5Q5ygJ9LN7bK2_83lYM-W7lCdLW6lZ3nfW7RPcHq8kGsx6W7H5g1N2wnDGfW79SPFd824qlxW4NHDVT7m10KmVTnKS64hrJf-Mv9C9sZ_WpfW1YzCld7F5WZ9W7d8QqK7qt8MyW2BYtMD6tj65jW1D7bbW68Tjr9VdqhTC8THjHnW4QWDVL7Kx7qKV11QQl5HqL2mW6g1XJy6h90k1W9lZ1178RrCNrW9gZmlw2HqrYTW95Xk406kvZ9YW958WRK2ynKnyW14bPQm121YJ8N3tCsgg9rqKdW7fLhfK6Z9VgRVgr99T67b4B1W6qZ2fk95qm9yW6_q6fB2Dp2QSf14cGN604&amp;source=gmail&amp;ust=1751072463754000&amp;usg=AOvVaw3ec_fehdZuCLrTeW3mdEWm\">Administration de pilotage des Laurentides<\/a><\/p>\r\n<p align=\"justify\">10 juillet 2025 \u2013\u00a0<a href=\"https:\/\/info.cargo-montreal.ca\/e3t\/Ctc\/ZU+113\/d11nbd04\/VWd01T8FbThnW4wRYl72W_8mwW6tdK5Q5ygJ9LN7bK2-g5kvg8W5BWr2F6lZ3pyW3FNK-R4hV5N7W4JtPTS8_gJ5mW8wTpBc7vfz_kW5VfJCF10ptgSW6Y_bfk1q0yXQW2rLHdv1sv0cdW2DjMNZ1k8vjKW1kzyfK7ByhtCW6fDrwl4fdX6nW68KTfS7x7N07W1RnVjF5gXWs-W545CN85b13CxW8p9MJq1FMKGfW3hmppT4_p8HzW7k5ySm5hDmxmW5KWTcn8LMsXrW7CJW4R6vNBc7W8_C_9b96_gWQW1FX0Pd4w2FZZW2JQzQN4snzhpW3kPXyL4-ks_vW243Mm38L_kjhW1CLbFr3tNFBSW485GSL32mszjW8cn-kB45bNyqV9FcV130BddfW5_5Tty6D4Y7sW8whgrR2-PfvpW4dWs5G5kh4yzW88qQxs35NjwdW5pkHjq6yQwG9W3BMG1v1XgZsgW7QxGNY2_3fDKW5Z6f502HFMY4f52Gw5z04\" target=\"_blank\" rel=\"noopener\" data-saferedirecturl=\"https:\/\/www.google.com\/url?hl=fr-CA&amp;q=https:\/\/info.cargo-montreal.ca\/e3t\/Ctc\/ZU%2B113\/d11nbd04\/VWd01T8FbThnW4wRYl72W_8mwW6tdK5Q5ygJ9LN7bK2-g5kvg8W5BWr2F6lZ3pyW3FNK-R4hV5N7W4JtPTS8_gJ5mW8wTpBc7vfz_kW5VfJCF10ptgSW6Y_bfk1q0yXQW2rLHdv1sv0cdW2DjMNZ1k8vjKW1kzyfK7ByhtCW6fDrwl4fdX6nW68KTfS7x7N07W1RnVjF5gXWs-W545CN85b13CxW8p9MJq1FMKGfW3hmppT4_p8HzW7k5ySm5hDmxmW5KWTcn8LMsXrW7CJW4R6vNBc7W8_C_9b96_gWQW1FX0Pd4w2FZZW2JQzQN4snzhpW3kPXyL4-ks_vW243Mm38L_kjhW1CLbFr3tNFBSW485GSL32mszjW8cn-kB45bNyqV9FcV130BddfW5_5Tty6D4Y7sW8whgrR2-PfvpW4dWs5G5kh4yzW88qQxs35NjwdW5pkHjq6yQwG9W3BMG1v1XgZsgW7QxGNY2_3fDKW5Z6f502HFMY4f52Gw5z04&amp;source=gmail&amp;ust=1751072463754000&amp;usg=AOvVaw1bqt7c0IGTIgrPngTAn0VU\">Formation acc\u00e9l\u00e9r\u00e9e \u2013 La diversification des march\u00e9s gr\u00e2ce aux accords commerciaux du Canada<\/a>\u00a0\u2013\u00a0<a href=\"https:\/\/info.cargo-montreal.ca\/e3t\/Ctc\/ZU+113\/d11nbd04\/VWd01T8FbThnW4wRYl72W_8mwW6tdK5Q5ygJ9LN7bK2-T3lYM-W6N1vHY6lZ3nGW6wGFB737jYv8N4hgZssfnx_cW3MmQ5_9dH7bPW2gTQzS6Tz2CzW85vBKb5wDdYGW4pNt7B2g0LfsW6Smlxb2LmB6GW88nClg3XxwnSW9kkWRM6qLSkqW3bYSCg2MzqnSW69F2d98y_YtmW2fypZT4Jr0YLW5KbP-24pjTqwW2h1S_35VcW98W4YPjQ729kD8vW1hT85b7_2qxcW29rt963x7VhzN21x6R2F6XnnW9frz117J6YT9W4bggVk7Xc96cW46chC07nC9lNN4Ry1Z5vhCR7f3G96Mj04\" target=\"_blank\" rel=\"noopener\" data-saferedirecturl=\"https:\/\/www.google.com\/url?hl=fr-CA&amp;q=https:\/\/info.cargo-montreal.ca\/e3t\/Ctc\/ZU%2B113\/d11nbd04\/VWd01T8FbThnW4wRYl72W_8mwW6tdK5Q5ygJ9LN7bK2-T3lYM-W6N1vHY6lZ3nGW6wGFB737jYv8N4hgZssfnx_cW3MmQ5_9dH7bPW2gTQzS6Tz2CzW85vBKb5wDdYGW4pNt7B2g0LfsW6Smlxb2LmB6GW88nClg3XxwnSW9kkWRM6qLSkqW3bYSCg2MzqnSW69F2d98y_YtmW2fypZT4Jr0YLW5KbP-24pjTqwW2h1S_35VcW98W4YPjQ729kD8vW1hT85b7_2qxcW29rt963x7VhzN21x6R2F6XnnW9frz117J6YT9W4bggVk7Xc96cW46chC07nC9lNN4Ry1Z5vhCR7f3G96Mj04&amp;source=gmail&amp;ust=1751072463754000&amp;usg=AOvVaw1GgusldLpGJfwrQzeqnzQv\">Chambre de commerce du Montr\u00e9al m\u00e9tropolitain (CCMM)<\/a><\/p>\r\n<\/div>\r\n<\/div>\r\n<\/td>\r\n<\/tr>\r\n<\/tbody>\r\n<\/table>\r\n<\/div>\r\n<\/div>\r\n<\/div>","protected":false},"excerpt":{"rendered":"Ne manquez pas les \u00e9v\u00e9nements suivants. Si vous souhaitez que CargoM ajoute votre \u00e9v\u00e9nement \u00e0 son\u00a0calendrier, contactez\u00a0Karine Dudognon.\u00a0 3 juillet 2025 \u2013\u00a0Webinaire : Au bout de la cha\u00eene &#8211; Nadine Bernier\u00a0\u2013\u00a0Cha\u00eene d\u2019approvisionnement Canada 8 juillet 2025 \u2013\u00a0Assembl\u00e9e publique annuelle\u00a0\u2013\u00a0Administration de pilotage des Laurentides 10 juillet 2025 \u2013\u00a0Formation acc\u00e9l\u00e9r\u00e9e \u2013 La diversification des march\u00e9s gr\u00e2ce aux [&hellip;]","protected":false},"author":39,"featured_media":17866,"comment_status":"closed","ping_status":"closed","sticky":false,"template":"","format":"standard","meta":{"_acf_changed":false,"footnotes":""},"categories":[20],"tags":[],"class_list":["post-18599","post","type-post","status-publish","format-standard","has-post-thumbnail","hentry","category-services-logistiques"],"acf":[],"yoast_head":"<!-- This site is optimized with the Yoast SEO plugin v27.3 - https:\/\/yoast.com\/product\/yoast-seo-wordpress\/ -->\n<title>Calendrier des \u00e9v\u00e9nements - CargoM<\/title>\n<meta name=\"robots\" content=\"index, follow, max-snippet:-1, max-image-preview:large, max-video-preview:-1\" \/>\n<link rel=\"canonical\" href=\"https:\/\/www.cargo-montreal.ca\/fr\/calendrier-des-evenements-23\/\" \/>\n<meta property=\"og:locale\" content=\"fr_FR\" \/>\n<meta property=\"og:type\" content=\"article\" \/>\n<meta property=\"og:title\" content=\"Calendrier des \u00e9v\u00e9nements - CargoM\" \/>\n<meta property=\"og:description\" content=\"Ne manquez pas les \u00e9v\u00e9nements suivants. Si vous souhaitez que CargoM ajoute votre \u00e9v\u00e9nement \u00e0 son\u00a0calendrier, contactez\u00a0Karine Dudognon.\u00a0 3 juillet 2025 \u2013\u00a0Webinaire : Au bout de la cha\u00eene &#8211; Nadine Bernier\u00a0\u2013\u00a0Cha\u00eene d\u2019approvisionnement Canada 8 juillet 2025 \u2013\u00a0Assembl\u00e9e publique annuelle\u00a0\u2013\u00a0Administration de pilotage des Laurentides 10 juillet 2025 \u2013\u00a0Formation acc\u00e9l\u00e9r\u00e9e \u2013 La diversification des march\u00e9s gr\u00e2ce aux [&hellip;]\" \/>\n<meta property=\"og:url\" content=\"https:\/\/www.cargo-montreal.ca\/fr\/calendrier-des-evenements-23\/\" \/>\n<meta property=\"og:site_name\" content=\"CargoM\" \/>\n<meta property=\"article:published_time\" content=\"2025-06-27T01:10:43+00:00\" \/>\n<meta property=\"og:image\" content=\"https:\/\/www.cargo-montreal.ca\/wp-content\/uploads\/2025\/01\/calendrier-scaled.jpg\" \/>\n\t<meta property=\"og:image:width\" content=\"2560\" \/>\n\t<meta property=\"og:image:height\" content=\"2560\" \/>\n\t<meta property=\"og:image:type\" content=\"image\/jpeg\" \/>\n<meta name=\"author\" content=\"Karine Dudognon\" \/>\n<meta name=\"twitter:card\" content=\"summary_large_image\" \/>\n<meta name=\"twitter:label1\" content=\"\u00c9crit par\" \/>\n\t<meta name=\"twitter:data1\" content=\"Karine Dudognon\" \/>\n\t<meta name=\"twitter:label2\" content=\"Dur\u00e9e de lecture estim\u00e9e\" \/>\n\t<meta name=\"twitter:data2\" content=\"1 minute\" \/>\n<script type=\"application\/ld+json\" class=\"yoast-schema-graph\">{\"@context\":\"https:\\\/\\\/schema.org\",\"@graph\":[{\"@type\":\"Article\",\"@id\":\"https:\\\/\\\/www.cargo-montreal.ca\\\/fr\\\/calendrier-des-evenements-23\\\/#article\",\"isPartOf\":{\"@id\":\"https:\\\/\\\/www.cargo-montreal.ca\\\/fr\\\/calendrier-des-evenements-23\\\/\"},\"author\":{\"name\":\"Karine Dudognon\",\"@id\":\"https:\\\/\\\/www.cargo-montreal.ca\\\/fr\\\/#\\\/schema\\\/person\\\/80476d173ce654813db9fd1533901365\"},\"headline\":\"Calendrier des \u00e9v\u00e9nements\",\"datePublished\":\"2025-06-27T01:10:43+00:00\",\"mainEntityOfPage\":{\"@id\":\"https:\\\/\\\/www.cargo-montreal.ca\\\/fr\\\/calendrier-des-evenements-23\\\/\"},\"wordCount\":78,\"image\":{\"@id\":\"https:\\\/\\\/www.cargo-montreal.ca\\\/fr\\\/calendrier-des-evenements-23\\\/#primaryimage\"},\"thumbnailUrl\":\"https:\\\/\\\/www.cargo-montreal.ca\\\/wp-content\\\/uploads\\\/2025\\\/01\\\/calendrier-scaled.jpg\",\"articleSection\":[\"Services logistiques\"],\"inLanguage\":\"fr-FR\"},{\"@type\":\"WebPage\",\"@id\":\"https:\\\/\\\/www.cargo-montreal.ca\\\/fr\\\/calendrier-des-evenements-23\\\/\",\"url\":\"https:\\\/\\\/www.cargo-montreal.ca\\\/fr\\\/calendrier-des-evenements-23\\\/\",\"name\":\"Calendrier des \u00e9v\u00e9nements - CargoM\",\"isPartOf\":{\"@id\":\"https:\\\/\\\/www.cargo-montreal.ca\\\/fr\\\/#website\"},\"primaryImageOfPage\":{\"@id\":\"https:\\\/\\\/www.cargo-montreal.ca\\\/fr\\\/calendrier-des-evenements-23\\\/#primaryimage\"},\"image\":{\"@id\":\"https:\\\/\\\/www.cargo-montreal.ca\\\/fr\\\/calendrier-des-evenements-23\\\/#primaryimage\"},\"thumbnailUrl\":\"https:\\\/\\\/www.cargo-montreal.ca\\\/wp-content\\\/uploads\\\/2025\\\/01\\\/calendrier-scaled.jpg\",\"datePublished\":\"2025-06-27T01:10:43+00:00\",\"author\":{\"@id\":\"https:\\\/\\\/www.cargo-montreal.ca\\\/fr\\\/#\\\/schema\\\/person\\\/80476d173ce654813db9fd1533901365\"},\"breadcrumb\":{\"@id\":\"https:\\\/\\\/www.cargo-montreal.ca\\\/fr\\\/calendrier-des-evenements-23\\\/#breadcrumb\"},\"inLanguage\":\"fr-FR\",\"potentialAction\":[{\"@type\":\"ReadAction\",\"target\":[\"https:\\\/\\\/www.cargo-montreal.ca\\\/fr\\\/calendrier-des-evenements-23\\\/\"]}]},{\"@type\":\"ImageObject\",\"inLanguage\":\"fr-FR\",\"@id\":\"https:\\\/\\\/www.cargo-montreal.ca\\\/fr\\\/calendrier-des-evenements-23\\\/#primaryimage\",\"url\":\"https:\\\/\\\/www.cargo-montreal.ca\\\/wp-content\\\/uploads\\\/2025\\\/01\\\/calendrier-scaled.jpg\",\"contentUrl\":\"https:\\\/\\\/www.cargo-montreal.ca\\\/wp-content\\\/uploads\\\/2025\\\/01\\\/calendrier-scaled.jpg\",\"width\":2560,\"height\":2560},{\"@type\":\"BreadcrumbList\",\"@id\":\"https:\\\/\\\/www.cargo-montreal.ca\\\/fr\\\/calendrier-des-evenements-23\\\/#breadcrumb\",\"itemListElement\":[{\"@type\":\"ListItem\",\"position\":1,\"name\":\"Home\",\"item\":\"https:\\\/\\\/www.cargo-montreal.ca\\\/fr\\\/\"},{\"@type\":\"ListItem\",\"position\":2,\"name\":\"Calendrier des \u00e9v\u00e9nements\"}]},{\"@type\":\"WebSite\",\"@id\":\"https:\\\/\\\/www.cargo-montreal.ca\\\/fr\\\/#website\",\"url\":\"https:\\\/\\\/www.cargo-montreal.ca\\\/fr\\\/\",\"name\":\"CargoM\",\"description\":\"La mission de CargoM: Rassembler les acteurs de la logistique &amp; du transport de marchandises du Grand Montr\u00e9al autour d&#039;objectifs communs, d&#039;actions concert\u00e9es\",\"potentialAction\":[{\"@type\":\"SearchAction\",\"target\":{\"@type\":\"EntryPoint\",\"urlTemplate\":\"https:\\\/\\\/www.cargo-montreal.ca\\\/fr\\\/?s={search_term_string}\"},\"query-input\":{\"@type\":\"PropertyValueSpecification\",\"valueRequired\":true,\"valueName\":\"search_term_string\"}}],\"inLanguage\":\"fr-FR\"},{\"@type\":\"Person\",\"@id\":\"https:\\\/\\\/www.cargo-montreal.ca\\\/fr\\\/#\\\/schema\\\/person\\\/80476d173ce654813db9fd1533901365\",\"name\":\"Karine Dudognon\",\"image\":{\"@type\":\"ImageObject\",\"inLanguage\":\"fr-FR\",\"@id\":\"https:\\\/\\\/secure.gravatar.com\\\/avatar\\\/673bdfb703a9b6685a88bc7dfb04a9ea2b48b30e9d1663a5e759a4e9bfa3e2c0?s=96&d=mm&r=g\",\"url\":\"https:\\\/\\\/secure.gravatar.com\\\/avatar\\\/673bdfb703a9b6685a88bc7dfb04a9ea2b48b30e9d1663a5e759a4e9bfa3e2c0?s=96&d=mm&r=g\",\"contentUrl\":\"https:\\\/\\\/secure.gravatar.com\\\/avatar\\\/673bdfb703a9b6685a88bc7dfb04a9ea2b48b30e9d1663a5e759a4e9bfa3e2c0?s=96&d=mm&r=g\",\"caption\":\"Karine Dudognon\"},\"url\":\"https:\\\/\\\/www.cargo-montreal.ca\\\/fr\\\/author\\\/karine\\\/\"}]}<\/script>\n<!-- \/ Yoast SEO plugin. -->","yoast_head_json":{"title":"Calendrier des \u00e9v\u00e9nements - CargoM","robots":{"index":"index","follow":"follow","max-snippet":"max-snippet:-1","max-image-preview":"max-image-preview:large","max-video-preview":"max-video-preview:-1"},"canonical":"https:\/\/www.cargo-montreal.ca\/fr\/calendrier-des-evenements-23\/","og_locale":"fr_FR","og_type":"article","og_title":"Calendrier des \u00e9v\u00e9nements - CargoM","og_description":"Ne manquez pas les \u00e9v\u00e9nements suivants. Si vous souhaitez que CargoM ajoute votre \u00e9v\u00e9nement \u00e0 son\u00a0calendrier, contactez\u00a0Karine Dudognon.\u00a0 3 juillet 2025 \u2013\u00a0Webinaire : Au bout de la cha\u00eene &#8211; Nadine Bernier\u00a0\u2013\u00a0Cha\u00eene d\u2019approvisionnement Canada 8 juillet 2025 \u2013\u00a0Assembl\u00e9e publique annuelle\u00a0\u2013\u00a0Administration de pilotage des Laurentides 10 juillet 2025 \u2013\u00a0Formation acc\u00e9l\u00e9r\u00e9e \u2013 La diversification des march\u00e9s gr\u00e2ce aux [&hellip;]","og_url":"https:\/\/www.cargo-montreal.ca\/fr\/calendrier-des-evenements-23\/","og_site_name":"CargoM","article_published_time":"2025-06-27T01:10:43+00:00","og_image":[{"width":2560,"height":2560,"url":"https:\/\/www.cargo-montreal.ca\/wp-content\/uploads\/2025\/01\/calendrier-scaled.jpg","type":"image\/jpeg"}],"author":"Karine Dudognon","twitter_card":"summary_large_image","twitter_misc":{"\u00c9crit par":"Karine Dudognon","Dur\u00e9e de lecture estim\u00e9e":"1 minute"},"schema":{"@context":"https:\/\/schema.org","@graph":[{"@type":"Article","@id":"https:\/\/www.cargo-montreal.ca\/fr\/calendrier-des-evenements-23\/#article","isPartOf":{"@id":"https:\/\/www.cargo-montreal.ca\/fr\/calendrier-des-evenements-23\/"},"author":{"name":"Karine Dudognon","@id":"https:\/\/www.cargo-montreal.ca\/fr\/#\/schema\/person\/80476d173ce654813db9fd1533901365"},"headline":"Calendrier des \u00e9v\u00e9nements","datePublished":"2025-06-27T01:10:43+00:00","mainEntityOfPage":{"@id":"https:\/\/www.cargo-montreal.ca\/fr\/calendrier-des-evenements-23\/"},"wordCount":78,"image":{"@id":"https:\/\/www.cargo-montreal.ca\/fr\/calendrier-des-evenements-23\/#primaryimage"},"thumbnailUrl":"https:\/\/www.cargo-montreal.ca\/wp-content\/uploads\/2025\/01\/calendrier-scaled.jpg","articleSection":["Services logistiques"],"inLanguage":"fr-FR"},{"@type":"WebPage","@id":"https:\/\/www.cargo-montreal.ca\/fr\/calendrier-des-evenements-23\/","url":"https:\/\/www.cargo-montreal.ca\/fr\/calendrier-des-evenements-23\/","name":"Calendrier des \u00e9v\u00e9nements - CargoM","isPartOf":{"@id":"https:\/\/www.cargo-montreal.ca\/fr\/#website"},"primaryImageOfPage":{"@id":"https:\/\/www.cargo-montreal.ca\/fr\/calendrier-des-evenements-23\/#primaryimage"},"image":{"@id":"https:\/\/www.cargo-montreal.ca\/fr\/calendrier-des-evenements-23\/#primaryimage"},"thumbnailUrl":"https:\/\/www.cargo-montreal.ca\/wp-content\/uploads\/2025\/01\/calendrier-scaled.jpg","datePublished":"2025-06-27T01:10:43+00:00","author":{"@id":"https:\/\/www.cargo-montreal.ca\/fr\/#\/schema\/person\/80476d173ce654813db9fd1533901365"},"breadcrumb":{"@id":"https:\/\/www.cargo-montreal.ca\/fr\/calendrier-des-evenements-23\/#breadcrumb"},"inLanguage":"fr-FR","potentialAction":[{"@type":"ReadAction","target":["https:\/\/www.cargo-montreal.ca\/fr\/calendrier-des-evenements-23\/"]}]},{"@type":"ImageObject","inLanguage":"fr-FR","@id":"https:\/\/www.cargo-montreal.ca\/fr\/calendrier-des-evenements-23\/#primaryimage","url":"https:\/\/www.cargo-montreal.ca\/wp-content\/uploads\/2025\/01\/calendrier-scaled.jpg","contentUrl":"https:\/\/www.cargo-montreal.ca\/wp-content\/uploads\/2025\/01\/calendrier-scaled.jpg","width":2560,"height":2560},{"@type":"BreadcrumbList","@id":"https:\/\/www.cargo-montreal.ca\/fr\/calendrier-des-evenements-23\/#breadcrumb","itemListElement":[{"@type":"ListItem","position":1,"name":"Home","item":"https:\/\/www.cargo-montreal.ca\/fr\/"},{"@type":"ListItem","position":2,"name":"Calendrier des \u00e9v\u00e9nements"}]},{"@type":"WebSite","@id":"https:\/\/www.cargo-montreal.ca\/fr\/#website","url":"https:\/\/www.cargo-montreal.ca\/fr\/","name":"CargoM","description":"La mission de CargoM: Rassembler les acteurs de la logistique &amp; du transport de marchandises du Grand Montr\u00e9al autour d&#039;objectifs communs, d&#039;actions concert\u00e9es","potentialAction":[{"@type":"SearchAction","target":{"@type":"EntryPoint","urlTemplate":"https:\/\/www.cargo-montreal.ca\/fr\/?s={search_term_string}"},"query-input":{"@type":"PropertyValueSpecification","valueRequired":true,"valueName":"search_term_string"}}],"inLanguage":"fr-FR"},{"@type":"Person","@id":"https:\/\/www.cargo-montreal.ca\/fr\/#\/schema\/person\/80476d173ce654813db9fd1533901365","name":"Karine Dudognon","image":{"@type":"ImageObject","inLanguage":"fr-FR","@id":"https:\/\/secure.gravatar.com\/avatar\/673bdfb703a9b6685a88bc7dfb04a9ea2b48b30e9d1663a5e759a4e9bfa3e2c0?s=96&d=mm&r=g","url":"https:\/\/secure.gravatar.com\/avatar\/673bdfb703a9b6685a88bc7dfb04a9ea2b48b30e9d1663a5e759a4e9bfa3e2c0?s=96&d=mm&r=g","contentUrl":"https:\/\/secure.gravatar.com\/avatar\/673bdfb703a9b6685a88bc7dfb04a9ea2b48b30e9d1663a5e759a4e9bfa3e2c0?s=96&d=mm&r=g","caption":"Karine Dudognon"},"url":"https:\/\/www.cargo-montreal.ca\/fr\/author\/karine\/"}]}},"_links":{"self":[{"href":"https:\/\/www.cargo-montreal.ca\/fr\/wp-json\/wp\/v2\/posts\/18599","targetHints":{"allow":["GET"]}}],"collection":[{"href":"https:\/\/www.cargo-montreal.ca\/fr\/wp-json\/wp\/v2\/posts"}],"about":[{"href":"https:\/\/www.cargo-montreal.ca\/fr\/wp-json\/wp\/v2\/types\/post"}],"author":[{"embeddable":true,"href":"https:\/\/www.cargo-montreal.ca\/fr\/wp-json\/wp\/v2\/users\/39"}],"replies":[{"embeddable":true,"href":"https:\/\/www.cargo-montreal.ca\/fr\/wp-json\/wp\/v2\/comments?post=18599"}],"version-history":[{"count":1,"href":"https:\/\/www.cargo-montreal.ca\/fr\/wp-json\/wp\/v2\/posts\/18599\/revisions"}],"predecessor-version":[{"id":18600,"href":"https:\/\/www.cargo-montreal.ca\/fr\/wp-json\/wp\/v2\/posts\/18599\/revisions\/18600"}],"wp:featuredmedia":[{"embeddable":true,"href":"https:\/\/www.cargo-montreal.ca\/fr\/wp-json\/wp\/v2\/media\/17866"}],"wp:attachment":[{"href":"https:\/\/www.cargo-montreal.ca\/fr\/wp-json\/wp\/v2\/media?parent=18599"}],"wp:term":[{"taxonomy":"category","embeddable":true,"href":"https:\/\/www.cargo-montreal.ca\/fr\/wp-json\/wp\/v2\/categories?post=18599"},{"taxonomy":"post_tag","embeddable":true,"href":"https:\/\/www.cargo-montreal.ca\/fr\/wp-json\/wp\/v2\/tags?post=18599"}],"curies":[{"name":"wp","href":"https:\/\/api.w.org\/{rel}","templated":true}]}}