{"id":18603,"date":"2025-06-27T01:16:32","date_gmt":"2025-06-27T01:16:32","guid":{"rendered":"https:\/\/www.cargo-montreal.ca\/?p=18603"},"modified":"2025-06-27T01:16:32","modified_gmt":"2025-06-27T01:16:32","slug":"formation-cegep-andre-laurendeau-5","status":"publish","type":"post","link":"https:\/\/www.cargo-montreal.ca\/fr\/formation-cegep-andre-laurendeau-5\/","title":{"rendered":"Formation:  C\u00e9gep Andr\u00e9-Laurendeau"},"content":{"rendered":"<p><strong>Attestation d\u2019\u00e9tude coll\u00e9giale (AEC)<\/strong><\/p>\r\n<p>27 octobre 2025 au 18\u00a0d\u00e9cembre 2026\u00a0\u2013\u00a0<a href=\"https:\/\/info.cargo-montreal.ca\/e3t\/Ctc\/ZU+113\/d11nbd04\/VWd01T8FbThnW4wRYl72W_8mwW6tdK5Q5ygJ9LN7bK2Z-5kvg8W50kH_H6lZ3q5W6fn1Yt846ts5W3VrJtL5ms_p0W5hKHz92Zv2XRW3wwjZd7GGfQdW1HTvNM99yW9wW7jQmkL9c1b7pW72rVRn62NnnVW2v_J1L7pZY8rW6tJY7w5ts3GLW2ZC6ML4Xrhh_W8DVt-J2NRmRFN1NXdxXclZ77W6cCVZv6NTMNsW1TVshL2-X8hjN97PYrgwGnl3VXZqK61zjb_bVJdCyw1p6YcNW6Xm_JC7ypT0kW381q3s68vV4-W15NX-07NB79DW8NG8lT5SH6yxW4hVHG84R3ypRW5nlBtX78fvvnW7ZL5jJ20MRNCW4Gd8bk4GXt-TW7hG1Xl4_b3YYW2t311Q1MqBScW4_HFLm3lzkYDVXJ8hW4GYzqrN3gmy-pNHwMjN3hVXywRlJPXW2D61nZ99j822f7CT1dH04\" target=\"_blank\" rel=\"noopener\" data-saferedirecturl=\"https:\/\/www.google.com\/url?hl=fr-CA&amp;q=https:\/\/info.cargo-montreal.ca\/e3t\/Ctc\/ZU%2B113\/d11nbd04\/VWd01T8FbThnW4wRYl72W_8mwW6tdK5Q5ygJ9LN7bK2Z-5kvg8W50kH_H6lZ3q5W6fn1Yt846ts5W3VrJtL5ms_p0W5hKHz92Zv2XRW3wwjZd7GGfQdW1HTvNM99yW9wW7jQmkL9c1b7pW72rVRn62NnnVW2v_J1L7pZY8rW6tJY7w5ts3GLW2ZC6ML4Xrhh_W8DVt-J2NRmRFN1NXdxXclZ77W6cCVZv6NTMNsW1TVshL2-X8hjN97PYrgwGnl3VXZqK61zjb_bVJdCyw1p6YcNW6Xm_JC7ypT0kW381q3s68vV4-W15NX-07NB79DW8NG8lT5SH6yxW4hVHG84R3ypRW5nlBtX78fvvnW7ZL5jJ20MRNCW4Gd8bk4GXt-TW7hG1Xl4_b3YYW2t311Q1MqBScW4_HFLm3lzkYDVXJ8hW4GYzqrN3gmy-pNHwMjN3hVXywRlJPXW2D61nZ99j822f7CT1dH04&amp;source=gmail&amp;ust=1751072463754000&amp;usg=AOvVaw2ipvoh7XBRp2vbt--xOuNh\">Logistique du transport<\/a><\/p>\r\n<div id=\"m_2761475251068288989column_1740413423454_0\" class=\"m_2761475251068288989hse-column m_2761475251068288989hse-size-6\">\r\n<table role=\"presentation\" width=\"100%\" cellspacing=\"0\" cellpadding=\"0\">\r\n<tbody>\r\n<tr>\r\n<td class=\"m_2761475251068288989hs_padded\">\r\n<div id=\"m_2761475251068288989hs_cos_wrapper_module_17404134287851\">\r\n<div id=\"m_2761475251068288989hs_cos_wrapper_module_17404134287851_\">\r\n<p>14 octobre 2025 au 10 juillet 2026 \u2013\u00a0<a href=\"https:\/\/info.cargo-montreal.ca\/e3t\/Ctc\/ZU+113\/d11nbd04\/VWd01T8FbThnW4wRYl72W_8mwW6tdK5Q5ygJ9LN7bK2-z5kvg8W69t95C6lZ3kxVlwBKV9c46y3Vyrrv36BxhD4W4BCZzJ7MdmRSVhv1p01t8sfmN42g3s8Whc-bW296dbz3QK08TW8z2P7072BdR8VbVWdz8pbLjdN4L_5PZx2KLxW2NnV-s7P9S7_W946KXQ41dDS1W3JvfYh1SZd_NW4S1wY98c1BYsW3LG8dj5LWf-bW4WDYsz29B3jHW3l53H87DV88dW89lL8B8KTZL_W50xYBz7nJwjJW7QKlv11rwFL5W1XBgPF4LmwjGW8FCygw8_V_lQVNLdyR7RqjsWVT3WfR17DJbKW58v1f_8c1bszW3GzPVs3Dfjt1VhyTyM33FVcFW7CCSty8nFBHMW8sy1n51Pg6h3W4FcXcB2y3VgtW2Rh67F4kxRkLW5CQZ0B2s0s_qN1tBhhFHGGcCN5jyYsV8mXtqW7hxzyG1bRfsGW7T8x657nw0K0VvQKsk77hJ32f3QlCPH04\" target=\"_blank\" rel=\"noopener\" data-saferedirecturl=\"https:\/\/www.google.com\/url?hl=fr-CA&amp;q=https:\/\/info.cargo-montreal.ca\/e3t\/Ctc\/ZU%2B113\/d11nbd04\/VWd01T8FbThnW4wRYl72W_8mwW6tdK5Q5ygJ9LN7bK2-z5kvg8W69t95C6lZ3kxVlwBKV9c46y3Vyrrv36BxhD4W4BCZzJ7MdmRSVhv1p01t8sfmN42g3s8Whc-bW296dbz3QK08TW8z2P7072BdR8VbVWdz8pbLjdN4L_5PZx2KLxW2NnV-s7P9S7_W946KXQ41dDS1W3JvfYh1SZd_NW4S1wY98c1BYsW3LG8dj5LWf-bW4WDYsz29B3jHW3l53H87DV88dW89lL8B8KTZL_W50xYBz7nJwjJW7QKlv11rwFL5W1XBgPF4LmwjGW8FCygw8_V_lQVNLdyR7RqjsWVT3WfR17DJbKW58v1f_8c1bszW3GzPVs3Dfjt1VhyTyM33FVcFW7CCSty8nFBHMW8sy1n51Pg6h3W4FcXcB2y3VgtW2Rh67F4kxRkLW5CQZ0B2s0s_qN1tBhhFHGGcCN5jyYsV8mXtqW7hxzyG1bRfsGW7T8x657nw0K0VvQKsk77hJ32f3QlCPH04&amp;source=gmail&amp;ust=1751072463754000&amp;usg=AOvVaw0PY6AwQRNlm6xw81PVd5U8\">Gestion des approvisionnements dans le secteur public qu\u00e9b\u00e9cois<\/a>\u00a0<br \/>\r\n<br \/>\r\n<\/p>\r\n<p>Programme Vis\u00e9es<\/p>\r\n<p><a href=\"https:\/\/info.cargo-montreal.ca\/e3t\/Ctc\/ZU+113\/d11nbd04\/VWd01T8FbThnW4wRYl72W_8mwW6tdK5Q5ygJ9LN7bK2_s3lYM-W7Y8-PT6lZ3lwW8N76dn6m46jFW32Y2DG31S6RPN5Z7TNHjzV9MW1kGswC5sfHmkW43yTv_2f1Wf7W8CMM4p810PdGW7tBLFh3cRdP-W1MZV4K71QBjmN34CBTvPfZHrW4d4ndM97rgFwW95_Csy91WzR7W6xTV4j6NwWWzW1bfvqh8vLkNGW7gzXDK4J1rjbW5BQJvR8v5fv-Vmd17z1QvFTPN7DKnSYw4yf2W5sHDh8689cD_W53tlPg5gxw2gN7_52XNw9NTQW7M0rjT9l6zGbW5gX2922zHshpW32LBcv6ch4h-W374hPC8x1x0RW1lTw0G4GT8XwW7p1KRK5jf9pkf3dSt0H04\" target=\"_blank\" rel=\"noopener\" data-saferedirecturl=\"https:\/\/www.google.com\/url?hl=fr-CA&amp;q=https:\/\/info.cargo-montreal.ca\/e3t\/Ctc\/ZU%2B113\/d11nbd04\/VWd01T8FbThnW4wRYl72W_8mwW6tdK5Q5ygJ9LN7bK2_s3lYM-W7Y8-PT6lZ3lwW8N76dn6m46jFW32Y2DG31S6RPN5Z7TNHjzV9MW1kGswC5sfHmkW43yTv_2f1Wf7W8CMM4p810PdGW7tBLFh3cRdP-W1MZV4K71QBjmN34CBTvPfZHrW4d4ndM97rgFwW95_Csy91WzR7W6xTV4j6NwWWzW1bfvqh8vLkNGW7gzXDK4J1rjbW5BQJvR8v5fv-Vmd17z1QvFTPN7DKnSYw4yf2W5sHDh8689cD_W53tlPg5gxw2gN7_52XNw9NTQW7M0rjT9l6zGbW5gX2922zHshpW32LBcv6ch4h-W374hPC8x1x0RW1lTw0G4GT8XwW7p1KRK5jf9pkf3dSt0H04&amp;source=gmail&amp;ust=1751072463754000&amp;usg=AOvVaw32Fi3J1N235SPTvsO5vTzj\">Innover en logistique avec l&rsquo;IA<\/a><\/p>\r\n<p><br \/>\r\n<strong>Dipl\u00f4me d&rsquo;\u00e9tudes coll\u00e9giales (DEC)<\/strong><\/p>\r\n<p><a href=\"https:\/\/info.cargo-montreal.ca\/e3t\/Ctc\/ZU+113\/d11nbd04\/VWd01T8FbThnW4wRYl72W_8mwW6tdK5Q5ygJ9LN7bK2Z-5kvg8W50kH_H6lZ3kHM9Xfc_Gt4vLW35mG-B80sRhzW63sJlb26ZrffW2ZscDq8_7nP_W29cc1T56zSh2W7vbLSZ3TQ_j_W3h6M986Xq0Q7W1mS3P530tPCMW1kGzyj43r7SgW1dbHs7916TF8W2C3TYn3CtJrCW4WZnsW6kpbSlW66nX2989qNjTW5VJ3xs6CTnnLW47yCxw4cBSh8W7bNK6x5NHkjyW49w-QM539KhNN9cZjKj3k1x0W50dl3L7Yqd1VW8Cp8tf6PNfc3W7RrS1C5tcczVW54Tw414bzl6BVRXpnq9jnn2hW5n8_pq5PhDnCW2SqNCF32-SN-N2kkQ_GFfGdtVpT9yQ7smBdQVrMX836r-MlWW2dKs4b4_qP06MWZvhgc6lzrN8XPPxMLRNb8W28Kn0X3Wn2B9f3FQbTx04\" target=\"_blank\" rel=\"noopener\" data-saferedirecturl=\"https:\/\/www.google.com\/url?hl=fr-CA&amp;q=https:\/\/info.cargo-montreal.ca\/e3t\/Ctc\/ZU%2B113\/d11nbd04\/VWd01T8FbThnW4wRYl72W_8mwW6tdK5Q5ygJ9LN7bK2Z-5kvg8W50kH_H6lZ3kHM9Xfc_Gt4vLW35mG-B80sRhzW63sJlb26ZrffW2ZscDq8_7nP_W29cc1T56zSh2W7vbLSZ3TQ_j_W3h6M986Xq0Q7W1mS3P530tPCMW1kGzyj43r7SgW1dbHs7916TF8W2C3TYn3CtJrCW4WZnsW6kpbSlW66nX2989qNjTW5VJ3xs6CTnnLW47yCxw4cBSh8W7bNK6x5NHkjyW49w-QM539KhNN9cZjKj3k1x0W50dl3L7Yqd1VW8Cp8tf6PNfc3W7RrS1C5tcczVW54Tw414bzl6BVRXpnq9jnn2hW5n8_pq5PhDnCW2SqNCF32-SN-N2kkQ_GFfGdtVpT9yQ7smBdQVrMX836r-MlWW2dKs4b4_qP06MWZvhgc6lzrN8XPPxMLRNb8W28Kn0X3Wn2B9f3FQbTx04&amp;source=gmail&amp;ust=1751072463754000&amp;usg=AOvVaw20mhFHMgAsytuPOOeg-PQa\">Gestion des op\u00e9rations et de la cha\u00eene logistique<\/a><\/p>\r\n<\/div>\r\n<\/div>\r\n<\/td>\r\n<\/tr>\r\n<\/tbody>\r\n<\/table>\r\n<\/div>\r\n<div id=\"m_2761475251068288989column_1740413423454_1\" class=\"m_2761475251068288989hse-column m_2761475251068288989hse-size-6\">\r\n<table style=\"width: 100%; height: 216px;\" role=\"presentation\" width=\"100%\" cellspacing=\"0\" cellpadding=\"0\">\r\n<tbody>\r\n<tr style=\"height: 216px;\">\r\n<td class=\"m_2761475251068288989hs_padded\" style=\"height: 216px;\">\r\n<div id=\"m_2761475251068288989hs_cos_wrapper_module_17404134719782\">\r\n<div id=\"m_2761475251068288989hs_cos_wrapper_module_17404134719782_\">\r\n<p><strong>Reconnaissance des acquis et des comp\u00e9tences (RAC)<\/strong><\/p>\r\n<p><a href=\"https:\/\/info.cargo-montreal.ca\/e3t\/Ctc\/ZU+113\/d11nbd04\/VWd01T8FbThnW4wRYl72W_8mwW6tdK5Q5ygJ9LN7bK2-zfcHgWW69vS066lZ3lvW9lmxVt7VxDqdW8yj2Bt7Cph9vW6Dk8j82xDHYTW11bw4y6kJRyrN8X53xGmCmWKW1NvyH156cMXPW219y0z9fJq6qW4jm31H8rCz9WW7dbJfw9bpPJHW72H48F7RQBJFW2dw-xj85_y5SW2XbMYS9cb5M0W5lC_9G98wF87F738DXnrMLBW8FqYgm4NhgQLW4hhvZJ15QftMW1Jhnpm8NzC99W3D5kqC46v5W0N2G5TCqzB0GGW7w9DlK43lSx6W5CzWfw4-D6KTW2XF54N39fD3SW1sktYQ355QM7Vm4K-V9fGs47W1jxq_P8vtp-sW2L8kw31P7CLkW7SKRJB90B_f4Vqncn12B9FNRW5h186C6JPpHYW7RlJf87Ql_xNW2-Sdhn1DSFxbW3r7zKp8LqVZHW3wYPc062BsnGW6cT7Jm2tZRLJW4lrvZY5lzcBcN5cpP83rDp63W3s6Z7_878Vv0W8mN0vq3FPBDHW6bynVV3RM6czN4q7DrWCq2ytW89mk_46RSj_yW8gkSTM3dkxGdW1TyBPV6C3Y9yW8xZ8ZS3gb-2nN4TzP4K3_SMhW8ZbPbT1s6w7FVNZtFX96q8RTW42xh7890ckq2W9k-83k8Kld4BW5btJqZ1YwTH4W1qjKBb8rHB8pW5kzrGT3GR2stW5p6ldL8SXlTqW7fZ5sJ5vpWq5W8St3x-4rNfN5W7HhXjz3hgP72W5c6Pl22b25f8W61r_w83sKSxxW2lhZNt6GxQpFW8gMvNW5XgtJBW6608VY5GL_hqW6VjX_74DNHynW2DPGFX9fTlB6W7JLVCp31ZQh-N6bLD74Jw92MW5Vp7Y-1N76y9N7kBSp5FmGWXW8R1HWD8GFlpcW8K0hzS6WfW4KW1D1xGX1NJH5fV6LvhB7QDgw0N6Ydl4FNt2RrW2BvpQz5VhhxYW3ZQ-Zc6sVvfTW5qFN3W1v1rxgN2g6Rf9HFTM5W6JDPj42xmwk7W5XVh3Q6wgF9hN1K0Kq7j0JNxW3L2ZP25Wpc7tV8y-n_8q5_-NW80k9rf7tqv8nW3wNL6Q2dxz0gW6J-dhD1Y06-0N1J9DQcpXQhGW8_1ZWl33sD9yW7T9ztJ3KtcLJW8f2xS-32GJKcW4mCfj11hZLrLW14LMH17VxXYLV_C9zd9k8z_cN1djzZr9MCp1W17cmZP7vVkgwW5zr6kQ63dLWlVvjCpc1Szsw-W3S7t_B8RcSH2W4gbJ-p4fQHTGW133_px33GSRQW4HQYwh8lBVXXN8hN99_9PnBXf52LT_Y04\" target=\"_blank\" rel=\"noopener\" data-saferedirecturl=\"https:\/\/www.google.com\/url?hl=fr-CA&amp;q=https:\/\/info.cargo-montreal.ca\/e3t\/Ctc\/ZU%2B113\/d11nbd04\/VWd01T8FbThnW4wRYl72W_8mwW6tdK5Q5ygJ9LN7bK2-zfcHgWW69vS066lZ3lvW9lmxVt7VxDqdW8yj2Bt7Cph9vW6Dk8j82xDHYTW11bw4y6kJRyrN8X53xGmCmWKW1NvyH156cMXPW219y0z9fJq6qW4jm31H8rCz9WW7dbJfw9bpPJHW72H48F7RQBJFW2dw-xj85_y5SW2XbMYS9cb5M0W5lC_9G98wF87F738DXnrMLBW8FqYgm4NhgQLW4hhvZJ15QftMW1Jhnpm8NzC99W3D5kqC46v5W0N2G5TCqzB0GGW7w9DlK43lSx6W5CzWfw4-D6KTW2XF54N39fD3SW1sktYQ355QM7Vm4K-V9fGs47W1jxq_P8vtp-sW2L8kw31P7CLkW7SKRJB90B_f4Vqncn12B9FNRW5h186C6JPpHYW7RlJf87Ql_xNW2-Sdhn1DSFxbW3r7zKp8LqVZHW3wYPc062BsnGW6cT7Jm2tZRLJW4lrvZY5lzcBcN5cpP83rDp63W3s6Z7_878Vv0W8mN0vq3FPBDHW6bynVV3RM6czN4q7DrWCq2ytW89mk_46RSj_yW8gkSTM3dkxGdW1TyBPV6C3Y9yW8xZ8ZS3gb-2nN4TzP4K3_SMhW8ZbPbT1s6w7FVNZtFX96q8RTW42xh7890ckq2W9k-83k8Kld4BW5btJqZ1YwTH4W1qjKBb8rHB8pW5kzrGT3GR2stW5p6ldL8SXlTqW7fZ5sJ5vpWq5W8St3x-4rNfN5W7HhXjz3hgP72W5c6Pl22b25f8W61r_w83sKSxxW2lhZNt6GxQpFW8gMvNW5XgtJBW6608VY5GL_hqW6VjX_74DNHynW2DPGFX9fTlB6W7JLVCp31ZQh-N6bLD74Jw92MW5Vp7Y-1N76y9N7kBSp5FmGWXW8R1HWD8GFlpcW8K0hzS6WfW4KW1D1xGX1NJH5fV6LvhB7QDgw0N6Ydl4FNt2RrW2BvpQz5VhhxYW3ZQ-Zc6sVvfTW5qFN3W1v1rxgN2g6Rf9HFTM5W6JDPj42xmwk7W5XVh3Q6wgF9hN1K0Kq7j0JNxW3L2ZP25Wpc7tV8y-n_8q5_-NW80k9rf7tqv8nW3wNL6Q2dxz0gW6J-dhD1Y06-0N1J9DQcpXQhGW8_1ZWl33sD9yW7T9ztJ3KtcLJW8f2xS-32GJKcW4mCfj11hZLrLW14LMH17VxXYLV_C9zd9k8z_cN1djzZr9MCp1W17cmZP7vVkgwW5zr6kQ63dLWlVvjCpc1Szsw-W3S7t_B8RcSH2W4gbJ-p4fQHTGW133_px33GSRQW4HQYwh8lBVXXN8hN99_9PnBXf52LT_Y04&amp;source=gmail&amp;ust=1751072463754000&amp;usg=AOvVaw2FUB33AbUq-YZRhskAKfvq\">Logistique du transport<\/a>\u00a0<\/p>\r\n<p><a href=\"https:\/\/info.cargo-montreal.ca\/e3t\/Ctc\/ZU+113\/d11nbd04\/VWd01T8FbThnW4wRYl72W_8mwW6tdK5Q5ygJ9LN7bK2_MfcHgWW8wNQc-6lZ3mjW8khQwC8NM25DW7046w62J56fnVCjdwf3FY6fWW46RlQb5jD7D6W27Nkj78Hy309W4Bg9BX2wfRDhW3qdrJL3P6Kd7W8k8-1k1QMZwfW8KQ_QY5ngKsNW3N06p09jF2BTW1Sp4sH8jyCqhVX-dgQ6lHpcBW94Rm9F5z27G5W4-NxWx6-ZJGqW1mZRpV9ky74KW1SgQWk3pkzDvW7F1Xqj30bfXlV7mtws8JtYytMgM9J5wldJcW8CywG-5QF0rYW3QsL4X42HFMGW4ZR76k2W07LGW9bRl4s68S-LtW6jhp9-1sdHr6W4s2FDy5SybCxW144h-X58xngdW5mJGDL44FKYsW7B5DXw4MR62-W4WLB9Y6tgNYrW2GDf7q1wmGvKW4Rs5NM8WfD-rW3Dvqj_1pksdFW3FHd3K6C7lMxVFPTTW2q0FrkW5VbBn02vRvBkN7C0WDb6tm2-W6jp1Fs2lshcRW7xr89F5R-nxZW1r_C6477TRZCW7ZvPP232W9yDVf2zZ07pzNRJW42WBqM8vnNPHW1ryl2y8w3H2jW7JHHkL8KTF3PW7QhnrV8NW9SBW7K3x2H3KRb8FW4RT2yR3g3WYJW3NWKzG9dGNq0W5vLxh41HJ96_W2H1sMQ723WCpW6Lmv-B7bf3rzW1jzgDx8VPk3SW8X1z1Y23w6HWW18Dy-C4Q5NcZVNM6tc3YRRD3W7RfJbM86zPbbM1tN11h5rwyW5q1W6C7zDWzNVT4zY979vM7QW8PJcWj2whgNkW6Ckgq68BkYMnW2GTQzW2BbcDVVwbGWr7rkfTXW7PPX2Y4nnZpDW6mrtG48CCx_SW39LJNy93St1BW4XnrSf3bcdlMW98h9_l7rXv3RF26TWbg3dYJW1yCCy_5STt_WW2mNkqN1pCJ-xW61HVf77bZLYDW6SkPkN8kzDqvW2-sFzr3qXrKXW6gb-Rr7pgqlSVwGkj16VGn6QW8tCrxc4zndLQW4qfclN8p02W8N5kw2_tYsmB-VFcGvw6lh18LVnsPyB3JdWHqW6S4xdn19XHG3VVsXC94JqrP6W2bX6Xz5F_2pvN5Dh_lJMndKWW47C6w_3nf7h9W8mHQPC5rcLcFW4dfHcb8Xw8MpN7mnGz1DmRBgW4FYG8q3yKDJ9W8W_Zn_7LJgt0W22rvPM8gKt6DVH2kzq1rtJmKW8d65sS2X8LKKW3sc60v3KmGkQW7GdRrf39fvx8W3kYWF-6DNJPbW1-BH5c3zT043W3Rs1ph6f4-tcW3LB76H7dHR1RVSY7Ks522PTBW832Szg37xBncW73413K64mrghW36zX0c3cTXCTW845WXq4b-QpnW7d74cb55MJ8-W5Q_9yj963RkhVvTl647fd3JbdxS-3q04\" target=\"_blank\" rel=\"noopener\" data-saferedirecturl=\"https:\/\/www.google.com\/url?hl=fr-CA&amp;q=https:\/\/info.cargo-montreal.ca\/e3t\/Ctc\/ZU%2B113\/d11nbd04\/VWd01T8FbThnW4wRYl72W_8mwW6tdK5Q5ygJ9LN7bK2_MfcHgWW8wNQc-6lZ3mjW8khQwC8NM25DW7046w62J56fnVCjdwf3FY6fWW46RlQb5jD7D6W27Nkj78Hy309W4Bg9BX2wfRDhW3qdrJL3P6Kd7W8k8-1k1QMZwfW8KQ_QY5ngKsNW3N06p09jF2BTW1Sp4sH8jyCqhVX-dgQ6lHpcBW94Rm9F5z27G5W4-NxWx6-ZJGqW1mZRpV9ky74KW1SgQWk3pkzDvW7F1Xqj30bfXlV7mtws8JtYytMgM9J5wldJcW8CywG-5QF0rYW3QsL4X42HFMGW4ZR76k2W07LGW9bRl4s68S-LtW6jhp9-1sdHr6W4s2FDy5SybCxW144h-X58xngdW5mJGDL44FKYsW7B5DXw4MR62-W4WLB9Y6tgNYrW2GDf7q1wmGvKW4Rs5NM8WfD-rW3Dvqj_1pksdFW3FHd3K6C7lMxVFPTTW2q0FrkW5VbBn02vRvBkN7C0WDb6tm2-W6jp1Fs2lshcRW7xr89F5R-nxZW1r_C6477TRZCW7ZvPP232W9yDVf2zZ07pzNRJW42WBqM8vnNPHW1ryl2y8w3H2jW7JHHkL8KTF3PW7QhnrV8NW9SBW7K3x2H3KRb8FW4RT2yR3g3WYJW3NWKzG9dGNq0W5vLxh41HJ96_W2H1sMQ723WCpW6Lmv-B7bf3rzW1jzgDx8VPk3SW8X1z1Y23w6HWW18Dy-C4Q5NcZVNM6tc3YRRD3W7RfJbM86zPbbM1tN11h5rwyW5q1W6C7zDWzNVT4zY979vM7QW8PJcWj2whgNkW6Ckgq68BkYMnW2GTQzW2BbcDVVwbGWr7rkfTXW7PPX2Y4nnZpDW6mrtG48CCx_SW39LJNy93St1BW4XnrSf3bcdlMW98h9_l7rXv3RF26TWbg3dYJW1yCCy_5STt_WW2mNkqN1pCJ-xW61HVf77bZLYDW6SkPkN8kzDqvW2-sFzr3qXrKXW6gb-Rr7pgqlSVwGkj16VGn6QW8tCrxc4zndLQW4qfclN8p02W8N5kw2_tYsmB-VFcGvw6lh18LVnsPyB3JdWHqW6S4xdn19XHG3VVsXC94JqrP6W2bX6Xz5F_2pvN5Dh_lJMndKWW47C6w_3nf7h9W8mHQPC5rcLcFW4dfHcb8Xw8MpN7mnGz1DmRBgW4FYG8q3yKDJ9W8W_Zn_7LJgt0W22rvPM8gKt6DVH2kzq1rtJmKW8d65sS2X8LKKW3sc60v3KmGkQW7GdRrf39fvx8W3kYWF-6DNJPbW1-BH5c3zT043W3Rs1ph6f4-tcW3LB76H7dHR1RVSY7Ks522PTBW832Szg37xBncW73413K64mrghW36zX0c3cTXCTW845WXq4b-QpnW7d74cb55MJ8-W5Q_9yj963RkhVvTl647fd3JbdxS-3q04&amp;source=gmail&amp;ust=1751072463754000&amp;usg=AOvVaw1DpFdyGO_rthgLHfGSeXkL\">Sp\u00e9cialiste \u00e0 la r\u00e9partition en transport et logistique<\/a><\/p>\r\n<p><a href=\"https:\/\/info.cargo-montreal.ca\/e3t\/Ctc\/ZU+113\/d11nbd04\/VWd01T8FbThnW4wRYl72W_8mwW6tdK5Q5ygJ9LN7bK2_sfcHgWW7Yc3906lZ3pxN52n1CBqWjQxW4S54zP8XmZdkW2g24TR8r20f7W6G2Qwv1YslPtW5dzwdB7W2RX4W5rqr3Y57k904N8pbZfYzzj-qW8qWXGX6XdNJ1Vx7n7V2c2JP0N66pNT8TlHHlW6YR3s54pS_2ZW6Chl_y81K8bMW4DpkN854NyLRVmLnjp5QCGm-W85cv1J3N3rVnW6kwSH01pJqwnW1BMqKr5g5ycdW60wB-Z3rnRCgW871Fvf4MN4cfW6fjlY84C75KrW5WCYZS73g2MjW1RGMT51vSk2GW7QMyxV3l5ZnpW34klZr8qfQZvW7t8Ynh9lgrZXW5FhzvL6f6f6XVCKm-b6-208xVM9Lry1jfS0vW4FSLLS3VQCByVmMX7J5HH34rW2FCT_F3Gs4PJW5RR3cR3ykYVgN5CqQ1Sb9bDNW27MG5w7lp8SCW7RRKzJ6PsHJzW7y1Kbs5hVg7FVvHcmd2KqttMVc2Tc46XKBgTN5g1ZCRJ5VcgW9gnYFL432gbTW4glGgv4v2HXXVKF1BW2qsty9W74Y_L56YxyY8V6gWqL6vN9_kV4cpVD1FWsdpW55f67V7N__3KMp3dLnVkGkkW5zD_mj23GT6yN7llSYzzQ1n6W3t3Kck4Zq75bW6c-slt4JPldZN2jjNPl3m-T5W5RFpcr5nHJXgW2Yy2Rw6mDfhzW4MTzPS3FBZm5W387Wg_4cl3f-W1Pc7Bj3S_4PWW1SgPM26YtWyDW1vFzwF3h6MqcW1gJFQB4mHDpGW4Qzd0z6S4YJpVpl7qg3qmcFBW1dQbKl3vhg21W635c2D4qpSlzN83pm2JVj7QRW6gXFRF5F3BLxW7WKb3B3Xb73QW8TjdYT3yYlZMW96KjGb58gCvdW4wKgd82KJljnN2562wblk4DXW42qmy03-89GdW8h22ZC636ljVW7rPnYP7rcnSTN49zNYCb6LyJW525VZd8Lh7-dW46C5nM6Vw55VW47rRzv13NZ8MW4x-6R657f9DQW6PHzKN4c1VF5N7467qbvxhkPVjHVz33gbkshW6NqQSr99-HYBN5yyPjny6CphW5hNVzx2LGYd_W7-C53111-BcQW3cSHW11H2z_GW4C6cKH8S47P1W2KNRWp6mvL0wW87dmSS47gCxnW1-70Qp65XLTtW3dYT-f1jq5k1W6tl8F-9bmLDbW4cKXVW7tyfCdW4ZZjjk5JMxfPW7Lfk8v6v6TDdW7GJfSZ2ZC9zPW8hy1j95GfCKpW4y4_N-4ycGcNW4MdlPQ3s2TM3W57_QGy6SJ1zVW56MfhQ84lSKnW1SphSS7-RKzQW817GVx8RVQWjW6gwFGb5tBTPmW4fm_dv5CKxV2f1clVP804\" target=\"_blank\" rel=\"noopener\" data-saferedirecturl=\"https:\/\/www.google.com\/url?hl=fr-CA&amp;q=https:\/\/info.cargo-montreal.ca\/e3t\/Ctc\/ZU%2B113\/d11nbd04\/VWd01T8FbThnW4wRYl72W_8mwW6tdK5Q5ygJ9LN7bK2_sfcHgWW7Yc3906lZ3pxN52n1CBqWjQxW4S54zP8XmZdkW2g24TR8r20f7W6G2Qwv1YslPtW5dzwdB7W2RX4W5rqr3Y57k904N8pbZfYzzj-qW8qWXGX6XdNJ1Vx7n7V2c2JP0N66pNT8TlHHlW6YR3s54pS_2ZW6Chl_y81K8bMW4DpkN854NyLRVmLnjp5QCGm-W85cv1J3N3rVnW6kwSH01pJqwnW1BMqKr5g5ycdW60wB-Z3rnRCgW871Fvf4MN4cfW6fjlY84C75KrW5WCYZS73g2MjW1RGMT51vSk2GW7QMyxV3l5ZnpW34klZr8qfQZvW7t8Ynh9lgrZXW5FhzvL6f6f6XVCKm-b6-208xVM9Lry1jfS0vW4FSLLS3VQCByVmMX7J5HH34rW2FCT_F3Gs4PJW5RR3cR3ykYVgN5CqQ1Sb9bDNW27MG5w7lp8SCW7RRKzJ6PsHJzW7y1Kbs5hVg7FVvHcmd2KqttMVc2Tc46XKBgTN5g1ZCRJ5VcgW9gnYFL432gbTW4glGgv4v2HXXVKF1BW2qsty9W74Y_L56YxyY8V6gWqL6vN9_kV4cpVD1FWsdpW55f67V7N__3KMp3dLnVkGkkW5zD_mj23GT6yN7llSYzzQ1n6W3t3Kck4Zq75bW6c-slt4JPldZN2jjNPl3m-T5W5RFpcr5nHJXgW2Yy2Rw6mDfhzW4MTzPS3FBZm5W387Wg_4cl3f-W1Pc7Bj3S_4PWW1SgPM26YtWyDW1vFzwF3h6MqcW1gJFQB4mHDpGW4Qzd0z6S4YJpVpl7qg3qmcFBW1dQbKl3vhg21W635c2D4qpSlzN83pm2JVj7QRW6gXFRF5F3BLxW7WKb3B3Xb73QW8TjdYT3yYlZMW96KjGb58gCvdW4wKgd82KJljnN2562wblk4DXW42qmy03-89GdW8h22ZC636ljVW7rPnYP7rcnSTN49zNYCb6LyJW525VZd8Lh7-dW46C5nM6Vw55VW47rRzv13NZ8MW4x-6R657f9DQW6PHzKN4c1VF5N7467qbvxhkPVjHVz33gbkshW6NqQSr99-HYBN5yyPjny6CphW5hNVzx2LGYd_W7-C53111-BcQW3cSHW11H2z_GW4C6cKH8S47P1W2KNRWp6mvL0wW87dmSS47gCxnW1-70Qp65XLTtW3dYT-f1jq5k1W6tl8F-9bmLDbW4cKXVW7tyfCdW4ZZjjk5JMxfPW7Lfk8v6v6TDdW7GJfSZ2ZC9zPW8hy1j95GfCKpW4y4_N-4ycGcNW4MdlPQ3s2TM3W57_QGy6SJ1zVW56MfhQ84lSKnW1SphSS7-RKzQW817GVx8RVQWjW6gwFGb5tBTPmW4fm_dv5CKxV2f1clVP804&amp;source=gmail&amp;ust=1751072463754000&amp;usg=AOvVaw0_ZYMex3Xl8unosvGuxUlA\">Gestion des approvisionnements dans le secteur public qu\u00e9b\u00e9cois<\/a><\/p>\r\n<\/div>\r\n<\/div>\r\n<\/td>\r\n<\/tr>\r\n<\/tbody>\r\n<\/table>\r\n<\/div>","protected":false},"excerpt":{"rendered":"Attestation d\u2019\u00e9tude coll\u00e9giale (AEC) 27 octobre 2025 au 18\u00a0d\u00e9cembre 2026\u00a0\u2013\u00a0Logistique du transport 14 octobre 2025 au 10 juillet 2026 \u2013\u00a0Gestion des approvisionnements dans le secteur public qu\u00e9b\u00e9cois\u00a0 Programme Vis\u00e9es Innover en logistique avec l&rsquo;IA Dipl\u00f4me d&rsquo;\u00e9tudes coll\u00e9giales (DEC) Gestion des op\u00e9rations et de la cha\u00eene logistique Reconnaissance des acquis et des comp\u00e9tences (RAC) Logistique du [&hellip;]","protected":false},"author":39,"featured_media":17621,"comment_status":"closed","ping_status":"closed","sticky":false,"template":"","format":"standard","meta":{"_acf_changed":false,"footnotes":""},"categories":[20],"tags":[],"class_list":["post-18603","post","type-post","status-publish","format-standard","has-post-thumbnail","hentry","category-services-logistiques"],"acf":[],"yoast_head":"<!-- This site is optimized with the Yoast SEO plugin v27.3 - https:\/\/yoast.com\/product\/yoast-seo-wordpress\/ -->\n<title>Formation: C\u00e9gep Andr\u00e9-Laurendeau - CargoM<\/title>\n<meta name=\"robots\" content=\"index, follow, max-snippet:-1, max-image-preview:large, max-video-preview:-1\" \/>\n<link rel=\"canonical\" href=\"https:\/\/www.cargo-montreal.ca\/fr\/formation-cegep-andre-laurendeau-5\/\" \/>\n<meta property=\"og:locale\" content=\"fr_FR\" \/>\n<meta property=\"og:type\" content=\"article\" \/>\n<meta property=\"og:title\" content=\"Formation: C\u00e9gep Andr\u00e9-Laurendeau - CargoM\" \/>\n<meta property=\"og:description\" content=\"Attestation d\u2019\u00e9tude coll\u00e9giale (AEC) 27 octobre 2025 au 18\u00a0d\u00e9cembre 2026\u00a0\u2013\u00a0Logistique du transport 14 octobre 2025 au 10 juillet 2026 \u2013\u00a0Gestion des approvisionnements dans le secteur public qu\u00e9b\u00e9cois\u00a0 Programme Vis\u00e9es Innover en logistique avec l&rsquo;IA Dipl\u00f4me d&rsquo;\u00e9tudes coll\u00e9giales (DEC) Gestion des op\u00e9rations et de la cha\u00eene logistique Reconnaissance des acquis et des comp\u00e9tences (RAC) Logistique du [&hellip;]\" \/>\n<meta property=\"og:url\" content=\"https:\/\/www.cargo-montreal.ca\/fr\/formation-cegep-andre-laurendeau-5\/\" \/>\n<meta property=\"og:site_name\" content=\"CargoM\" \/>\n<meta property=\"article:published_time\" content=\"2025-06-27T01:16:32+00:00\" \/>\n<meta property=\"og:image\" content=\"https:\/\/www.cargo-montreal.ca\/wp-content\/uploads\/2024\/11\/FC-Andreg-Laurendeau-1.jpg\" \/>\n\t<meta property=\"og:image:width\" content=\"1000\" \/>\n\t<meta property=\"og:image:height\" content=\"333\" \/>\n\t<meta property=\"og:image:type\" content=\"image\/jpeg\" \/>\n<meta name=\"author\" content=\"Karine Dudognon\" \/>\n<meta name=\"twitter:card\" content=\"summary_large_image\" \/>\n<meta name=\"twitter:label1\" content=\"\u00c9crit par\" \/>\n\t<meta name=\"twitter:data1\" content=\"Karine Dudognon\" \/>\n\t<meta name=\"twitter:label2\" content=\"Dur\u00e9e de lecture estim\u00e9e\" \/>\n\t<meta name=\"twitter:data2\" content=\"1 minute\" \/>\n<script type=\"application\/ld+json\" class=\"yoast-schema-graph\">{\"@context\":\"https:\\\/\\\/schema.org\",\"@graph\":[{\"@type\":\"Article\",\"@id\":\"https:\\\/\\\/www.cargo-montreal.ca\\\/fr\\\/formation-cegep-andre-laurendeau-5\\\/#article\",\"isPartOf\":{\"@id\":\"https:\\\/\\\/www.cargo-montreal.ca\\\/fr\\\/formation-cegep-andre-laurendeau-5\\\/\"},\"author\":{\"name\":\"Karine Dudognon\",\"@id\":\"https:\\\/\\\/www.cargo-montreal.ca\\\/fr\\\/#\\\/schema\\\/person\\\/80476d173ce654813db9fd1533901365\"},\"headline\":\"Formation: C\u00e9gep Andr\u00e9-Laurendeau\",\"datePublished\":\"2025-06-27T01:16:32+00:00\",\"mainEntityOfPage\":{\"@id\":\"https:\\\/\\\/www.cargo-montreal.ca\\\/fr\\\/formation-cegep-andre-laurendeau-5\\\/\"},\"wordCount\":87,\"image\":{\"@id\":\"https:\\\/\\\/www.cargo-montreal.ca\\\/fr\\\/formation-cegep-andre-laurendeau-5\\\/#primaryimage\"},\"thumbnailUrl\":\"https:\\\/\\\/www.cargo-montreal.ca\\\/wp-content\\\/uploads\\\/2024\\\/11\\\/FC-Andreg-Laurendeau-1.jpg\",\"articleSection\":[\"Services logistiques\"],\"inLanguage\":\"fr-FR\"},{\"@type\":\"WebPage\",\"@id\":\"https:\\\/\\\/www.cargo-montreal.ca\\\/fr\\\/formation-cegep-andre-laurendeau-5\\\/\",\"url\":\"https:\\\/\\\/www.cargo-montreal.ca\\\/fr\\\/formation-cegep-andre-laurendeau-5\\\/\",\"name\":\"Formation: C\u00e9gep Andr\u00e9-Laurendeau - CargoM\",\"isPartOf\":{\"@id\":\"https:\\\/\\\/www.cargo-montreal.ca\\\/fr\\\/#website\"},\"primaryImageOfPage\":{\"@id\":\"https:\\\/\\\/www.cargo-montreal.ca\\\/fr\\\/formation-cegep-andre-laurendeau-5\\\/#primaryimage\"},\"image\":{\"@id\":\"https:\\\/\\\/www.cargo-montreal.ca\\\/fr\\\/formation-cegep-andre-laurendeau-5\\\/#primaryimage\"},\"thumbnailUrl\":\"https:\\\/\\\/www.cargo-montreal.ca\\\/wp-content\\\/uploads\\\/2024\\\/11\\\/FC-Andreg-Laurendeau-1.jpg\",\"datePublished\":\"2025-06-27T01:16:32+00:00\",\"author\":{\"@id\":\"https:\\\/\\\/www.cargo-montreal.ca\\\/fr\\\/#\\\/schema\\\/person\\\/80476d173ce654813db9fd1533901365\"},\"breadcrumb\":{\"@id\":\"https:\\\/\\\/www.cargo-montreal.ca\\\/fr\\\/formation-cegep-andre-laurendeau-5\\\/#breadcrumb\"},\"inLanguage\":\"fr-FR\",\"potentialAction\":[{\"@type\":\"ReadAction\",\"target\":[\"https:\\\/\\\/www.cargo-montreal.ca\\\/fr\\\/formation-cegep-andre-laurendeau-5\\\/\"]}]},{\"@type\":\"ImageObject\",\"inLanguage\":\"fr-FR\",\"@id\":\"https:\\\/\\\/www.cargo-montreal.ca\\\/fr\\\/formation-cegep-andre-laurendeau-5\\\/#primaryimage\",\"url\":\"https:\\\/\\\/www.cargo-montreal.ca\\\/wp-content\\\/uploads\\\/2024\\\/11\\\/FC-Andreg-Laurendeau-1.jpg\",\"contentUrl\":\"https:\\\/\\\/www.cargo-montreal.ca\\\/wp-content\\\/uploads\\\/2024\\\/11\\\/FC-Andreg-Laurendeau-1.jpg\",\"width\":1000,\"height\":333},{\"@type\":\"BreadcrumbList\",\"@id\":\"https:\\\/\\\/www.cargo-montreal.ca\\\/fr\\\/formation-cegep-andre-laurendeau-5\\\/#breadcrumb\",\"itemListElement\":[{\"@type\":\"ListItem\",\"position\":1,\"name\":\"Home\",\"item\":\"https:\\\/\\\/www.cargo-montreal.ca\\\/fr\\\/\"},{\"@type\":\"ListItem\",\"position\":2,\"name\":\"Formation: C\u00e9gep Andr\u00e9-Laurendeau\"}]},{\"@type\":\"WebSite\",\"@id\":\"https:\\\/\\\/www.cargo-montreal.ca\\\/fr\\\/#website\",\"url\":\"https:\\\/\\\/www.cargo-montreal.ca\\\/fr\\\/\",\"name\":\"CargoM\",\"description\":\"La mission de CargoM: Rassembler les acteurs de la logistique &amp; du transport de marchandises du Grand Montr\u00e9al autour d&#039;objectifs communs, d&#039;actions concert\u00e9es\",\"potentialAction\":[{\"@type\":\"SearchAction\",\"target\":{\"@type\":\"EntryPoint\",\"urlTemplate\":\"https:\\\/\\\/www.cargo-montreal.ca\\\/fr\\\/?s={search_term_string}\"},\"query-input\":{\"@type\":\"PropertyValueSpecification\",\"valueRequired\":true,\"valueName\":\"search_term_string\"}}],\"inLanguage\":\"fr-FR\"},{\"@type\":\"Person\",\"@id\":\"https:\\\/\\\/www.cargo-montreal.ca\\\/fr\\\/#\\\/schema\\\/person\\\/80476d173ce654813db9fd1533901365\",\"name\":\"Karine Dudognon\",\"image\":{\"@type\":\"ImageObject\",\"inLanguage\":\"fr-FR\",\"@id\":\"https:\\\/\\\/secure.gravatar.com\\\/avatar\\\/673bdfb703a9b6685a88bc7dfb04a9ea2b48b30e9d1663a5e759a4e9bfa3e2c0?s=96&d=mm&r=g\",\"url\":\"https:\\\/\\\/secure.gravatar.com\\\/avatar\\\/673bdfb703a9b6685a88bc7dfb04a9ea2b48b30e9d1663a5e759a4e9bfa3e2c0?s=96&d=mm&r=g\",\"contentUrl\":\"https:\\\/\\\/secure.gravatar.com\\\/avatar\\\/673bdfb703a9b6685a88bc7dfb04a9ea2b48b30e9d1663a5e759a4e9bfa3e2c0?s=96&d=mm&r=g\",\"caption\":\"Karine Dudognon\"},\"url\":\"https:\\\/\\\/www.cargo-montreal.ca\\\/fr\\\/author\\\/karine\\\/\"}]}<\/script>\n<!-- \/ Yoast SEO plugin. -->","yoast_head_json":{"title":"Formation: C\u00e9gep Andr\u00e9-Laurendeau - CargoM","robots":{"index":"index","follow":"follow","max-snippet":"max-snippet:-1","max-image-preview":"max-image-preview:large","max-video-preview":"max-video-preview:-1"},"canonical":"https:\/\/www.cargo-montreal.ca\/fr\/formation-cegep-andre-laurendeau-5\/","og_locale":"fr_FR","og_type":"article","og_title":"Formation: C\u00e9gep Andr\u00e9-Laurendeau - CargoM","og_description":"Attestation d\u2019\u00e9tude coll\u00e9giale (AEC) 27 octobre 2025 au 18\u00a0d\u00e9cembre 2026\u00a0\u2013\u00a0Logistique du transport 14 octobre 2025 au 10 juillet 2026 \u2013\u00a0Gestion des approvisionnements dans le secteur public qu\u00e9b\u00e9cois\u00a0 Programme Vis\u00e9es Innover en logistique avec l&rsquo;IA Dipl\u00f4me d&rsquo;\u00e9tudes coll\u00e9giales (DEC) Gestion des op\u00e9rations et de la cha\u00eene logistique Reconnaissance des acquis et des comp\u00e9tences (RAC) Logistique du [&hellip;]","og_url":"https:\/\/www.cargo-montreal.ca\/fr\/formation-cegep-andre-laurendeau-5\/","og_site_name":"CargoM","article_published_time":"2025-06-27T01:16:32+00:00","og_image":[{"width":1000,"height":333,"url":"https:\/\/www.cargo-montreal.ca\/wp-content\/uploads\/2024\/11\/FC-Andreg-Laurendeau-1.jpg","type":"image\/jpeg"}],"author":"Karine Dudognon","twitter_card":"summary_large_image","twitter_misc":{"\u00c9crit par":"Karine Dudognon","Dur\u00e9e de lecture estim\u00e9e":"1 minute"},"schema":{"@context":"https:\/\/schema.org","@graph":[{"@type":"Article","@id":"https:\/\/www.cargo-montreal.ca\/fr\/formation-cegep-andre-laurendeau-5\/#article","isPartOf":{"@id":"https:\/\/www.cargo-montreal.ca\/fr\/formation-cegep-andre-laurendeau-5\/"},"author":{"name":"Karine Dudognon","@id":"https:\/\/www.cargo-montreal.ca\/fr\/#\/schema\/person\/80476d173ce654813db9fd1533901365"},"headline":"Formation: C\u00e9gep Andr\u00e9-Laurendeau","datePublished":"2025-06-27T01:16:32+00:00","mainEntityOfPage":{"@id":"https:\/\/www.cargo-montreal.ca\/fr\/formation-cegep-andre-laurendeau-5\/"},"wordCount":87,"image":{"@id":"https:\/\/www.cargo-montreal.ca\/fr\/formation-cegep-andre-laurendeau-5\/#primaryimage"},"thumbnailUrl":"https:\/\/www.cargo-montreal.ca\/wp-content\/uploads\/2024\/11\/FC-Andreg-Laurendeau-1.jpg","articleSection":["Services logistiques"],"inLanguage":"fr-FR"},{"@type":"WebPage","@id":"https:\/\/www.cargo-montreal.ca\/fr\/formation-cegep-andre-laurendeau-5\/","url":"https:\/\/www.cargo-montreal.ca\/fr\/formation-cegep-andre-laurendeau-5\/","name":"Formation: C\u00e9gep Andr\u00e9-Laurendeau - CargoM","isPartOf":{"@id":"https:\/\/www.cargo-montreal.ca\/fr\/#website"},"primaryImageOfPage":{"@id":"https:\/\/www.cargo-montreal.ca\/fr\/formation-cegep-andre-laurendeau-5\/#primaryimage"},"image":{"@id":"https:\/\/www.cargo-montreal.ca\/fr\/formation-cegep-andre-laurendeau-5\/#primaryimage"},"thumbnailUrl":"https:\/\/www.cargo-montreal.ca\/wp-content\/uploads\/2024\/11\/FC-Andreg-Laurendeau-1.jpg","datePublished":"2025-06-27T01:16:32+00:00","author":{"@id":"https:\/\/www.cargo-montreal.ca\/fr\/#\/schema\/person\/80476d173ce654813db9fd1533901365"},"breadcrumb":{"@id":"https:\/\/www.cargo-montreal.ca\/fr\/formation-cegep-andre-laurendeau-5\/#breadcrumb"},"inLanguage":"fr-FR","potentialAction":[{"@type":"ReadAction","target":["https:\/\/www.cargo-montreal.ca\/fr\/formation-cegep-andre-laurendeau-5\/"]}]},{"@type":"ImageObject","inLanguage":"fr-FR","@id":"https:\/\/www.cargo-montreal.ca\/fr\/formation-cegep-andre-laurendeau-5\/#primaryimage","url":"https:\/\/www.cargo-montreal.ca\/wp-content\/uploads\/2024\/11\/FC-Andreg-Laurendeau-1.jpg","contentUrl":"https:\/\/www.cargo-montreal.ca\/wp-content\/uploads\/2024\/11\/FC-Andreg-Laurendeau-1.jpg","width":1000,"height":333},{"@type":"BreadcrumbList","@id":"https:\/\/www.cargo-montreal.ca\/fr\/formation-cegep-andre-laurendeau-5\/#breadcrumb","itemListElement":[{"@type":"ListItem","position":1,"name":"Home","item":"https:\/\/www.cargo-montreal.ca\/fr\/"},{"@type":"ListItem","position":2,"name":"Formation: C\u00e9gep Andr\u00e9-Laurendeau"}]},{"@type":"WebSite","@id":"https:\/\/www.cargo-montreal.ca\/fr\/#website","url":"https:\/\/www.cargo-montreal.ca\/fr\/","name":"CargoM","description":"La mission de CargoM: Rassembler les acteurs de la logistique &amp; du transport de marchandises du Grand Montr\u00e9al autour d&#039;objectifs communs, d&#039;actions concert\u00e9es","potentialAction":[{"@type":"SearchAction","target":{"@type":"EntryPoint","urlTemplate":"https:\/\/www.cargo-montreal.ca\/fr\/?s={search_term_string}"},"query-input":{"@type":"PropertyValueSpecification","valueRequired":true,"valueName":"search_term_string"}}],"inLanguage":"fr-FR"},{"@type":"Person","@id":"https:\/\/www.cargo-montreal.ca\/fr\/#\/schema\/person\/80476d173ce654813db9fd1533901365","name":"Karine Dudognon","image":{"@type":"ImageObject","inLanguage":"fr-FR","@id":"https:\/\/secure.gravatar.com\/avatar\/673bdfb703a9b6685a88bc7dfb04a9ea2b48b30e9d1663a5e759a4e9bfa3e2c0?s=96&d=mm&r=g","url":"https:\/\/secure.gravatar.com\/avatar\/673bdfb703a9b6685a88bc7dfb04a9ea2b48b30e9d1663a5e759a4e9bfa3e2c0?s=96&d=mm&r=g","contentUrl":"https:\/\/secure.gravatar.com\/avatar\/673bdfb703a9b6685a88bc7dfb04a9ea2b48b30e9d1663a5e759a4e9bfa3e2c0?s=96&d=mm&r=g","caption":"Karine Dudognon"},"url":"https:\/\/www.cargo-montreal.ca\/fr\/author\/karine\/"}]}},"_links":{"self":[{"href":"https:\/\/www.cargo-montreal.ca\/fr\/wp-json\/wp\/v2\/posts\/18603","targetHints":{"allow":["GET"]}}],"collection":[{"href":"https:\/\/www.cargo-montreal.ca\/fr\/wp-json\/wp\/v2\/posts"}],"about":[{"href":"https:\/\/www.cargo-montreal.ca\/fr\/wp-json\/wp\/v2\/types\/post"}],"author":[{"embeddable":true,"href":"https:\/\/www.cargo-montreal.ca\/fr\/wp-json\/wp\/v2\/users\/39"}],"replies":[{"embeddable":true,"href":"https:\/\/www.cargo-montreal.ca\/fr\/wp-json\/wp\/v2\/comments?post=18603"}],"version-history":[{"count":1,"href":"https:\/\/www.cargo-montreal.ca\/fr\/wp-json\/wp\/v2\/posts\/18603\/revisions"}],"predecessor-version":[{"id":18604,"href":"https:\/\/www.cargo-montreal.ca\/fr\/wp-json\/wp\/v2\/posts\/18603\/revisions\/18604"}],"wp:featuredmedia":[{"embeddable":true,"href":"https:\/\/www.cargo-montreal.ca\/fr\/wp-json\/wp\/v2\/media\/17621"}],"wp:attachment":[{"href":"https:\/\/www.cargo-montreal.ca\/fr\/wp-json\/wp\/v2\/media?parent=18603"}],"wp:term":[{"taxonomy":"category","embeddable":true,"href":"https:\/\/www.cargo-montreal.ca\/fr\/wp-json\/wp\/v2\/categories?post=18603"},{"taxonomy":"post_tag","embeddable":true,"href":"https:\/\/www.cargo-montreal.ca\/fr\/wp-json\/wp\/v2\/tags?post=18603"}],"curies":[{"name":"wp","href":"https:\/\/api.w.org\/{rel}","templated":true}]}}