{"id":18605,"date":"2025-06-27T01:18:15","date_gmt":"2025-06-27T01:18:15","guid":{"rendered":"https:\/\/www.cargo-montreal.ca\/?p=18605"},"modified":"2025-06-27T01:18:15","modified_gmt":"2025-06-27T01:18:15","slug":"formation-comite-sectoriel-de-main-doeuvre-de-lindustrie-maritime-csmoim-3","status":"publish","type":"post","link":"https:\/\/www.cargo-montreal.ca\/fr\/formation-comite-sectoriel-de-main-doeuvre-de-lindustrie-maritime-csmoim-3\/","title":{"rendered":"Formation: Comit\u00e9 sectoriel de main-d&rsquo;oeuvre de l&rsquo;industrie maritime (CSMOIM)"},"content":{"rendered":"<p align=\"justify\"><a href=\"https:\/\/info.cargo-montreal.ca\/e3t\/Ctc\/ZU+113\/d11nbd04\/VWd01T8FbThnW4wRYl72W_8mwW6tdK5Q5ygJ9LN7bK2_M3lYM-W8wLKSR6lZ3kRW8S58WG11GzY5W2n61tk8cNkbwW3rtt4t3SW2t8W47mTfQ7N032ZW2XxfFl6bT2-xW5TZCh03KrTJfW1L7tbK6CgqWbVf6jvR86bmg8W32HXhL8g7TlSVwvJ8r88qCpVW7qQ_2C6kbZ_MW7NGl9Z5YKwGFVh_fLh7LcDlMW4THTYY61ww-9W5m-hQZ2YWqvZN6_v0hKjxKG8W5zwQkh688W93W6Q0_rR7f9xhKW31-HLW2FQ9-9W25D8Qk4WVhMrW95DccS5-LRRJW7jmbQV8SnCpbW4hddRw9bzYc0W1HR2mq4Z0wLTW7p7Q-r7PqSD-VCd9Wv5KFmKRW86k3tS77-rvlVGR-3Y8fkdNJf1rml_Y04\" target=\"_blank\" rel=\"noopener\" data-saferedirecturl=\"https:\/\/www.google.com\/url?hl=fr-CA&amp;q=https:\/\/info.cargo-montreal.ca\/e3t\/Ctc\/ZU%2B113\/d11nbd04\/VWd01T8FbThnW4wRYl72W_8mwW6tdK5Q5ygJ9LN7bK2_M3lYM-W8wLKSR6lZ3kRW8S58WG11GzY5W2n61tk8cNkbwW3rtt4t3SW2t8W47mTfQ7N032ZW2XxfFl6bT2-xW5TZCh03KrTJfW1L7tbK6CgqWbVf6jvR86bmg8W32HXhL8g7TlSVwvJ8r88qCpVW7qQ_2C6kbZ_MW7NGl9Z5YKwGFVh_fLh7LcDlMW4THTYY61ww-9W5m-hQZ2YWqvZN6_v0hKjxKG8W5zwQkh688W93W6Q0_rR7f9xhKW31-HLW2FQ9-9W25D8Qk4WVhMrW95DccS5-LRRJW7jmbQV8SnCpbW4hddRw9bzYc0W1HR2mq4Z0wLTW7p7Q-r7PqSD-VCd9Wv5KFmKRW86k3tS77-rvlVGR-3Y8fkdNJf1rml_Y04&amp;source=gmail&amp;ust=1751072463755000&amp;usg=AOvVaw0wrGp4JMgEROGTCE9CAZrA\">Comprendre l&rsquo;industrie maritime au Qu\u00e9bec : notions et apprentissages maritimes essentiels<\/a><\/p>\r\n<p><a href=\"https:\/\/info.cargo-montreal.ca\/e3t\/Ctc\/ZU+113\/d11nbd04\/VWd01T8FbThnW4wRYl72W_8mwW6tdK5Q5ygJ9LN7bK3025kvg8W95jVnq6lZ3mhW7vkfrD2J-m-nW4LjYd97tB-6lW1xySyX2HmSMhF7xswbyCwmHW52s1Sc4mpxswW1BVvVB4r9ftyW6Nf4-t2m9tQ3W4DRXGY7lz-p_MWzb-6sprnFW4CF9jn1sfSLrVYLkVN6M0Q_qW2-D3rm69-5Y2W4TZKy73fH9vTW1DTrhJ7B0x-1W5rWH_127tKFQV_jMW21_lWtmW8mJj_c4VrrZfW7-29b699phdLW7fWMwV72QnbbW7pn3dT8F_jZpW7466YV1vGc2RW8ch_rK3c_nZSW48gkd26mvD-BW2SsN-y1x785TW4-cPZF7C6Hq4W64r7jV5rJl33W15vMs65HFzg6W2BjKQJ6sF9D_W7lqnMs6CB0R0W7gDlfP1sGF11W8mGLr02jNpwSW523PbT7XkPXWW4PqqyR5mZVmyW67lFM77fnf04W5p0MjF55pw4QW78vtN140mxpQN4fRf-ykLk3jW3ZVv4d8ntNYFW4k79X63b97yxW47CyPQ3DV3YgW6zc8GV8_prN5W2snNz66p6HBdW6Qqpcx1p_ndDMVTp8gYcnK_W92x75r5_KPx5W1mjsl985y8mKf9bFdb404\" target=\"_blank\" rel=\"noopener\" data-saferedirecturl=\"https:\/\/www.google.com\/url?hl=fr-CA&amp;q=https:\/\/info.cargo-montreal.ca\/e3t\/Ctc\/ZU%2B113\/d11nbd04\/VWd01T8FbThnW4wRYl72W_8mwW6tdK5Q5ygJ9LN7bK3025kvg8W95jVnq6lZ3mhW7vkfrD2J-m-nW4LjYd97tB-6lW1xySyX2HmSMhF7xswbyCwmHW52s1Sc4mpxswW1BVvVB4r9ftyW6Nf4-t2m9tQ3W4DRXGY7lz-p_MWzb-6sprnFW4CF9jn1sfSLrVYLkVN6M0Q_qW2-D3rm69-5Y2W4TZKy73fH9vTW1DTrhJ7B0x-1W5rWH_127tKFQV_jMW21_lWtmW8mJj_c4VrrZfW7-29b699phdLW7fWMwV72QnbbW7pn3dT8F_jZpW7466YV1vGc2RW8ch_rK3c_nZSW48gkd26mvD-BW2SsN-y1x785TW4-cPZF7C6Hq4W64r7jV5rJl33W15vMs65HFzg6W2BjKQJ6sF9D_W7lqnMs6CB0R0W7gDlfP1sGF11W8mGLr02jNpwSW523PbT7XkPXWW4PqqyR5mZVmyW67lFM77fnf04W5p0MjF55pw4QW78vtN140mxpQN4fRf-ykLk3jW3ZVv4d8ntNYFW4k79X63b97yxW47CyPQ3DV3YgW6zc8GV8_prN5W2snNz66p6HBdW6Qqpcx1p_ndDMVTp8gYcnK_W92x75r5_KPx5W1mjsl985y8mKf9bFdb404&amp;source=gmail&amp;ust=1751072463755000&amp;usg=AOvVaw3QC5yARRvU28elTSJRCH7m\">Leadership maritime (Qu\u00e9bec)<\/a>\u00a0\u2013 18 au\u00a019 novembre 2025<br \/>\r\n<a href=\"https:\/\/info.cargo-montreal.ca\/e3t\/Ctc\/ZU+113\/d11nbd04\/VWd01T8FbThnW4wRYl72W_8mwW6tdK5Q5ygJ9LN7bK2Z-7j1NlW50l5tj6lZ3lzW2vstd08mp2l9N91KrRBkXqNSW4wLNRz5YJdqRW1-H_lt76Lk6WW7BKy4D1LV3pbW1XswpZ9bQ48SW181N5g7CjrcnN1Lx98sHzGTXW7qv77584wfNDW1TQr5636_wCKVpXkGb6SR9GFVH09fZ1LRHnfW50WD015tzklTN2wPRV_Ys-T1W7qCVnp4KgS25W85KHC27gwxkCW2cQhtl4dyZmLN3V-zPWHhpqLW6PBbtd8my-GlW8f97dj8rwfHKW3n8vfX1Vn_b7W51_Bfg5J4KK4W7pJsQL76T6ZHW3xPjRS8hS5dSW5vvZc63-3lgDW1f_Bqs399XKhVfJ5zR5PbtmJW7pySfC1SwYyNW51rml095_0m7W4f_rwq3PBDMsW2xpFkH5H-G5RW1lvcXR14jRFlW5jvZfm6Z-WlBW30Pq9l35MdsZW6gVLqb2hy9WkVTd0nc3mZg8sW6f1Fcy2qS48HW3hRScj20GPSVW5L74Vw6Fw-dwW6bP4pt4gBNbJW1j3Bks99CWVpN35xXP2_kBxLN8c1GWqy0M2fVHDl6912G439W7KBd8l4N4YDMW1PKDWM3Q7gC5W3-WsjD2ny0B8W1Qld-C8r2FqXf2PVPNP04\" target=\"_blank\" rel=\"noopener\" data-saferedirecturl=\"https:\/\/www.google.com\/url?hl=fr-CA&amp;q=https:\/\/info.cargo-montreal.ca\/e3t\/Ctc\/ZU%2B113\/d11nbd04\/VWd01T8FbThnW4wRYl72W_8mwW6tdK5Q5ygJ9LN7bK2Z-7j1NlW50l5tj6lZ3lzW2vstd08mp2l9N91KrRBkXqNSW4wLNRz5YJdqRW1-H_lt76Lk6WW7BKy4D1LV3pbW1XswpZ9bQ48SW181N5g7CjrcnN1Lx98sHzGTXW7qv77584wfNDW1TQr5636_wCKVpXkGb6SR9GFVH09fZ1LRHnfW50WD015tzklTN2wPRV_Ys-T1W7qCVnp4KgS25W85KHC27gwxkCW2cQhtl4dyZmLN3V-zPWHhpqLW6PBbtd8my-GlW8f97dj8rwfHKW3n8vfX1Vn_b7W51_Bfg5J4KK4W7pJsQL76T6ZHW3xPjRS8hS5dSW5vvZc63-3lgDW1f_Bqs399XKhVfJ5zR5PbtmJW7pySfC1SwYyNW51rml095_0m7W4f_rwq3PBDMsW2xpFkH5H-G5RW1lvcXR14jRFlW5jvZfm6Z-WlBW30Pq9l35MdsZW6gVLqb2hy9WkVTd0nc3mZg8sW6f1Fcy2qS48HW3hRScj20GPSVW5L74Vw6Fw-dwW6bP4pt4gBNbJW1j3Bks99CWVpN35xXP2_kBxLN8c1GWqy0M2fVHDl6912G439W7KBd8l4N4YDMW1PKDWM3Q7gC5W3-WsjD2ny0B8W1Qld-C8r2FqXf2PVPNP04&amp;source=gmail&amp;ust=1751072463755000&amp;usg=AOvVaw2f9n8JgP7col54ZJzHckbB\">Leadership maritime (Montr\u00e9al)<\/a>\u00a0\u2013 2 au\u00a03 d\u00e9cembre 2025<\/p>\r\n<p><strong>\u25b6\ufe0f<\/strong><a href=\"https:\/\/info.cargo-montreal.ca\/e3t\/Ctc\/ZU+113\/d11nbd04\/VWd01T8FbThnW4wRYl72W_8mwW6tdK5Q5ygJ9LN7bK2_M3lYM-W8wLKSR6lZ3pPV45drt1-v8XyW2Q8qgm4THY5DVjKK7C4nXX1JW6Dlmcp25phPSW8zG2Qv5wzWLTW1wznl036p-l0W7T-BMH78667zW2Rx7mk8s20nbW5nv-sp8QNBPmW5gZT2V7lpr2bW4CT-Kf7FwYfwW4VDY812RkS1JW9l11wR2pqk0lVdlXS87kdGLyW2vF8HJ2lpLTKW6hKBD-4TKNMnW8wm1-J5ybJZYW5dmHYt1vV-ZfW2M_GZW4b4n5nW8sXfdN7LVpHzN3r6GpC5_ZGfW2rztC627gXXpW6fnspn3Z3G-dVccwMY6qgTjxW8fkk-b6kYN4xN5NkxrGsybRjW1pxj7M9kzdJpW28C51k6Q-9S3f7PQTwg04\" target=\"_blank\" rel=\"noopener\" data-saferedirecturl=\"https:\/\/www.google.com\/url?hl=fr-CA&amp;q=https:\/\/info.cargo-montreal.ca\/e3t\/Ctc\/ZU%2B113\/d11nbd04\/VWd01T8FbThnW4wRYl72W_8mwW6tdK5Q5ygJ9LN7bK2_M3lYM-W8wLKSR6lZ3pPV45drt1-v8XyW2Q8qgm4THY5DVjKK7C4nXX1JW6Dlmcp25phPSW8zG2Qv5wzWLTW1wznl036p-l0W7T-BMH78667zW2Rx7mk8s20nbW5nv-sp8QNBPmW5gZT2V7lpr2bW4CT-Kf7FwYfwW4VDY812RkS1JW9l11wR2pqk0lVdlXS87kdGLyW2vF8HJ2lpLTKW6hKBD-4TKNMnW8wm1-J5ybJZYW5dmHYt1vV-ZfW2M_GZW4b4n5nW8sXfdN7LVpHzN3r6GpC5_ZGfW2rztC627gXXpW6fnspn3Z3G-dVccwMY6qgTjxW8fkk-b6kYN4xN5NkxrGsybRjW1pxj7M9kzdJpW28C51k6Q-9S3f7PQTwg04&amp;source=gmail&amp;ust=1751072463755000&amp;usg=AOvVaw36yARbioywYuvSDaLhvS9f\">Consultez le calendrier des \u00e9v\u00e9nements et des formations<\/a><\/p>","protected":false},"excerpt":{"rendered":"Comprendre l&rsquo;industrie maritime au Qu\u00e9bec : notions et apprentissages maritimes essentiels Leadership maritime (Qu\u00e9bec)\u00a0\u2013 18 au\u00a019 novembre 2025 Leadership maritime (Montr\u00e9al)\u00a0\u2013 2 au\u00a03 d\u00e9cembre 2025 \u25b6\ufe0fConsultez le calendrier des \u00e9v\u00e9nements et des formations","protected":false},"author":39,"featured_media":17089,"comment_status":"closed","ping_status":"closed","sticky":false,"template":"","format":"standard","meta":{"_acf_changed":false,"footnotes":""},"categories":[20],"tags":[],"class_list":["post-18605","post","type-post","status-publish","format-standard","has-post-thumbnail","hentry","category-services-logistiques"],"acf":[],"yoast_head":"<!-- This site is optimized with the Yoast SEO plugin v27.3 - https:\/\/yoast.com\/product\/yoast-seo-wordpress\/ -->\n<title>Formation: Comit\u00e9 sectoriel de main-d&#039;oeuvre de l&#039;industrie maritime (CSMOIM) - CargoM<\/title>\n<meta name=\"robots\" content=\"index, follow, max-snippet:-1, max-image-preview:large, max-video-preview:-1\" \/>\n<link rel=\"canonical\" href=\"https:\/\/www.cargo-montreal.ca\/fr\/formation-comite-sectoriel-de-main-doeuvre-de-lindustrie-maritime-csmoim-3\/\" \/>\n<meta property=\"og:locale\" content=\"fr_FR\" \/>\n<meta property=\"og:type\" content=\"article\" \/>\n<meta property=\"og:title\" content=\"Formation: Comit\u00e9 sectoriel de main-d&#039;oeuvre de l&#039;industrie maritime (CSMOIM) - CargoM\" \/>\n<meta property=\"og:description\" content=\"Comprendre l&rsquo;industrie maritime au Qu\u00e9bec : notions et apprentissages maritimes essentiels Leadership maritime (Qu\u00e9bec)\u00a0\u2013 18 au\u00a019 novembre 2025 Leadership maritime (Montr\u00e9al)\u00a0\u2013 2 au\u00a03 d\u00e9cembre 2025 \u25b6\ufe0fConsultez le calendrier des \u00e9v\u00e9nements et des formations\" \/>\n<meta property=\"og:url\" content=\"https:\/\/www.cargo-montreal.ca\/fr\/formation-comite-sectoriel-de-main-doeuvre-de-lindustrie-maritime-csmoim-3\/\" \/>\n<meta property=\"og:site_name\" content=\"CargoM\" \/>\n<meta property=\"article:published_time\" content=\"2025-06-27T01:18:15+00:00\" \/>\n<meta property=\"og:image\" content=\"https:\/\/www.cargo-montreal.ca\/wp-content\/uploads\/2024\/06\/Comite_Sectoriel_H_coul.png\" \/>\n\t<meta property=\"og:image:width\" content=\"1200\" \/>\n\t<meta property=\"og:image:height\" content=\"477\" \/>\n\t<meta property=\"og:image:type\" content=\"image\/png\" \/>\n<meta name=\"author\" content=\"Karine Dudognon\" \/>\n<meta name=\"twitter:card\" content=\"summary_large_image\" \/>\n<meta name=\"twitter:label1\" content=\"\u00c9crit par\" \/>\n\t<meta name=\"twitter:data1\" content=\"Karine Dudognon\" \/>\n\t<meta name=\"twitter:label2\" content=\"Dur\u00e9e de lecture estim\u00e9e\" \/>\n\t<meta name=\"twitter:data2\" content=\"1 minute\" \/>\n<script type=\"application\/ld+json\" class=\"yoast-schema-graph\">{\"@context\":\"https:\\\/\\\/schema.org\",\"@graph\":[{\"@type\":\"Article\",\"@id\":\"https:\\\/\\\/www.cargo-montreal.ca\\\/fr\\\/formation-comite-sectoriel-de-main-doeuvre-de-lindustrie-maritime-csmoim-3\\\/#article\",\"isPartOf\":{\"@id\":\"https:\\\/\\\/www.cargo-montreal.ca\\\/fr\\\/formation-comite-sectoriel-de-main-doeuvre-de-lindustrie-maritime-csmoim-3\\\/\"},\"author\":{\"name\":\"Karine Dudognon\",\"@id\":\"https:\\\/\\\/www.cargo-montreal.ca\\\/fr\\\/#\\\/schema\\\/person\\\/80476d173ce654813db9fd1533901365\"},\"headline\":\"Formation: Comit\u00e9 sectoriel de main-d&rsquo;oeuvre de l&rsquo;industrie maritime (CSMOIM)\",\"datePublished\":\"2025-06-27T01:18:15+00:00\",\"mainEntityOfPage\":{\"@id\":\"https:\\\/\\\/www.cargo-montreal.ca\\\/fr\\\/formation-comite-sectoriel-de-main-doeuvre-de-lindustrie-maritime-csmoim-3\\\/\"},\"wordCount\":45,\"image\":{\"@id\":\"https:\\\/\\\/www.cargo-montreal.ca\\\/fr\\\/formation-comite-sectoriel-de-main-doeuvre-de-lindustrie-maritime-csmoim-3\\\/#primaryimage\"},\"thumbnailUrl\":\"https:\\\/\\\/www.cargo-montreal.ca\\\/wp-content\\\/uploads\\\/2024\\\/06\\\/Comite_Sectoriel_H_coul.png\",\"articleSection\":[\"Services logistiques\"],\"inLanguage\":\"fr-FR\"},{\"@type\":\"WebPage\",\"@id\":\"https:\\\/\\\/www.cargo-montreal.ca\\\/fr\\\/formation-comite-sectoriel-de-main-doeuvre-de-lindustrie-maritime-csmoim-3\\\/\",\"url\":\"https:\\\/\\\/www.cargo-montreal.ca\\\/fr\\\/formation-comite-sectoriel-de-main-doeuvre-de-lindustrie-maritime-csmoim-3\\\/\",\"name\":\"Formation: Comit\u00e9 sectoriel de main-d'oeuvre de l'industrie maritime (CSMOIM) - CargoM\",\"isPartOf\":{\"@id\":\"https:\\\/\\\/www.cargo-montreal.ca\\\/fr\\\/#website\"},\"primaryImageOfPage\":{\"@id\":\"https:\\\/\\\/www.cargo-montreal.ca\\\/fr\\\/formation-comite-sectoriel-de-main-doeuvre-de-lindustrie-maritime-csmoim-3\\\/#primaryimage\"},\"image\":{\"@id\":\"https:\\\/\\\/www.cargo-montreal.ca\\\/fr\\\/formation-comite-sectoriel-de-main-doeuvre-de-lindustrie-maritime-csmoim-3\\\/#primaryimage\"},\"thumbnailUrl\":\"https:\\\/\\\/www.cargo-montreal.ca\\\/wp-content\\\/uploads\\\/2024\\\/06\\\/Comite_Sectoriel_H_coul.png\",\"datePublished\":\"2025-06-27T01:18:15+00:00\",\"author\":{\"@id\":\"https:\\\/\\\/www.cargo-montreal.ca\\\/fr\\\/#\\\/schema\\\/person\\\/80476d173ce654813db9fd1533901365\"},\"breadcrumb\":{\"@id\":\"https:\\\/\\\/www.cargo-montreal.ca\\\/fr\\\/formation-comite-sectoriel-de-main-doeuvre-de-lindustrie-maritime-csmoim-3\\\/#breadcrumb\"},\"inLanguage\":\"fr-FR\",\"potentialAction\":[{\"@type\":\"ReadAction\",\"target\":[\"https:\\\/\\\/www.cargo-montreal.ca\\\/fr\\\/formation-comite-sectoriel-de-main-doeuvre-de-lindustrie-maritime-csmoim-3\\\/\"]}]},{\"@type\":\"ImageObject\",\"inLanguage\":\"fr-FR\",\"@id\":\"https:\\\/\\\/www.cargo-montreal.ca\\\/fr\\\/formation-comite-sectoriel-de-main-doeuvre-de-lindustrie-maritime-csmoim-3\\\/#primaryimage\",\"url\":\"https:\\\/\\\/www.cargo-montreal.ca\\\/wp-content\\\/uploads\\\/2024\\\/06\\\/Comite_Sectoriel_H_coul.png\",\"contentUrl\":\"https:\\\/\\\/www.cargo-montreal.ca\\\/wp-content\\\/uploads\\\/2024\\\/06\\\/Comite_Sectoriel_H_coul.png\",\"width\":1200,\"height\":477},{\"@type\":\"BreadcrumbList\",\"@id\":\"https:\\\/\\\/www.cargo-montreal.ca\\\/fr\\\/formation-comite-sectoriel-de-main-doeuvre-de-lindustrie-maritime-csmoim-3\\\/#breadcrumb\",\"itemListElement\":[{\"@type\":\"ListItem\",\"position\":1,\"name\":\"Home\",\"item\":\"https:\\\/\\\/www.cargo-montreal.ca\\\/fr\\\/\"},{\"@type\":\"ListItem\",\"position\":2,\"name\":\"Formation: Comit\u00e9 sectoriel de main-d&#8217;oeuvre de l&#8217;industrie maritime (CSMOIM)\"}]},{\"@type\":\"WebSite\",\"@id\":\"https:\\\/\\\/www.cargo-montreal.ca\\\/fr\\\/#website\",\"url\":\"https:\\\/\\\/www.cargo-montreal.ca\\\/fr\\\/\",\"name\":\"CargoM\",\"description\":\"La mission de CargoM: Rassembler les acteurs de la logistique &amp; du transport de marchandises du Grand Montr\u00e9al autour d&#039;objectifs communs, d&#039;actions concert\u00e9es\",\"potentialAction\":[{\"@type\":\"SearchAction\",\"target\":{\"@type\":\"EntryPoint\",\"urlTemplate\":\"https:\\\/\\\/www.cargo-montreal.ca\\\/fr\\\/?s={search_term_string}\"},\"query-input\":{\"@type\":\"PropertyValueSpecification\",\"valueRequired\":true,\"valueName\":\"search_term_string\"}}],\"inLanguage\":\"fr-FR\"},{\"@type\":\"Person\",\"@id\":\"https:\\\/\\\/www.cargo-montreal.ca\\\/fr\\\/#\\\/schema\\\/person\\\/80476d173ce654813db9fd1533901365\",\"name\":\"Karine Dudognon\",\"image\":{\"@type\":\"ImageObject\",\"inLanguage\":\"fr-FR\",\"@id\":\"https:\\\/\\\/secure.gravatar.com\\\/avatar\\\/673bdfb703a9b6685a88bc7dfb04a9ea2b48b30e9d1663a5e759a4e9bfa3e2c0?s=96&d=mm&r=g\",\"url\":\"https:\\\/\\\/secure.gravatar.com\\\/avatar\\\/673bdfb703a9b6685a88bc7dfb04a9ea2b48b30e9d1663a5e759a4e9bfa3e2c0?s=96&d=mm&r=g\",\"contentUrl\":\"https:\\\/\\\/secure.gravatar.com\\\/avatar\\\/673bdfb703a9b6685a88bc7dfb04a9ea2b48b30e9d1663a5e759a4e9bfa3e2c0?s=96&d=mm&r=g\",\"caption\":\"Karine Dudognon\"},\"url\":\"https:\\\/\\\/www.cargo-montreal.ca\\\/fr\\\/author\\\/karine\\\/\"}]}<\/script>\n<!-- \/ Yoast SEO plugin. -->","yoast_head_json":{"title":"Formation: Comit\u00e9 sectoriel de main-d'oeuvre de l'industrie maritime (CSMOIM) - CargoM","robots":{"index":"index","follow":"follow","max-snippet":"max-snippet:-1","max-image-preview":"max-image-preview:large","max-video-preview":"max-video-preview:-1"},"canonical":"https:\/\/www.cargo-montreal.ca\/fr\/formation-comite-sectoriel-de-main-doeuvre-de-lindustrie-maritime-csmoim-3\/","og_locale":"fr_FR","og_type":"article","og_title":"Formation: Comit\u00e9 sectoriel de main-d'oeuvre de l'industrie maritime (CSMOIM) - CargoM","og_description":"Comprendre l&rsquo;industrie maritime au Qu\u00e9bec : notions et apprentissages maritimes essentiels Leadership maritime (Qu\u00e9bec)\u00a0\u2013 18 au\u00a019 novembre 2025 Leadership maritime (Montr\u00e9al)\u00a0\u2013 2 au\u00a03 d\u00e9cembre 2025 \u25b6\ufe0fConsultez le calendrier des \u00e9v\u00e9nements et des formations","og_url":"https:\/\/www.cargo-montreal.ca\/fr\/formation-comite-sectoriel-de-main-doeuvre-de-lindustrie-maritime-csmoim-3\/","og_site_name":"CargoM","article_published_time":"2025-06-27T01:18:15+00:00","og_image":[{"width":1200,"height":477,"url":"https:\/\/www.cargo-montreal.ca\/wp-content\/uploads\/2024\/06\/Comite_Sectoriel_H_coul.png","type":"image\/png"}],"author":"Karine Dudognon","twitter_card":"summary_large_image","twitter_misc":{"\u00c9crit par":"Karine Dudognon","Dur\u00e9e de lecture estim\u00e9e":"1 minute"},"schema":{"@context":"https:\/\/schema.org","@graph":[{"@type":"Article","@id":"https:\/\/www.cargo-montreal.ca\/fr\/formation-comite-sectoriel-de-main-doeuvre-de-lindustrie-maritime-csmoim-3\/#article","isPartOf":{"@id":"https:\/\/www.cargo-montreal.ca\/fr\/formation-comite-sectoriel-de-main-doeuvre-de-lindustrie-maritime-csmoim-3\/"},"author":{"name":"Karine Dudognon","@id":"https:\/\/www.cargo-montreal.ca\/fr\/#\/schema\/person\/80476d173ce654813db9fd1533901365"},"headline":"Formation: Comit\u00e9 sectoriel de main-d&rsquo;oeuvre de l&rsquo;industrie maritime (CSMOIM)","datePublished":"2025-06-27T01:18:15+00:00","mainEntityOfPage":{"@id":"https:\/\/www.cargo-montreal.ca\/fr\/formation-comite-sectoriel-de-main-doeuvre-de-lindustrie-maritime-csmoim-3\/"},"wordCount":45,"image":{"@id":"https:\/\/www.cargo-montreal.ca\/fr\/formation-comite-sectoriel-de-main-doeuvre-de-lindustrie-maritime-csmoim-3\/#primaryimage"},"thumbnailUrl":"https:\/\/www.cargo-montreal.ca\/wp-content\/uploads\/2024\/06\/Comite_Sectoriel_H_coul.png","articleSection":["Services logistiques"],"inLanguage":"fr-FR"},{"@type":"WebPage","@id":"https:\/\/www.cargo-montreal.ca\/fr\/formation-comite-sectoriel-de-main-doeuvre-de-lindustrie-maritime-csmoim-3\/","url":"https:\/\/www.cargo-montreal.ca\/fr\/formation-comite-sectoriel-de-main-doeuvre-de-lindustrie-maritime-csmoim-3\/","name":"Formation: Comit\u00e9 sectoriel de main-d'oeuvre de l'industrie maritime (CSMOIM) - CargoM","isPartOf":{"@id":"https:\/\/www.cargo-montreal.ca\/fr\/#website"},"primaryImageOfPage":{"@id":"https:\/\/www.cargo-montreal.ca\/fr\/formation-comite-sectoriel-de-main-doeuvre-de-lindustrie-maritime-csmoim-3\/#primaryimage"},"image":{"@id":"https:\/\/www.cargo-montreal.ca\/fr\/formation-comite-sectoriel-de-main-doeuvre-de-lindustrie-maritime-csmoim-3\/#primaryimage"},"thumbnailUrl":"https:\/\/www.cargo-montreal.ca\/wp-content\/uploads\/2024\/06\/Comite_Sectoriel_H_coul.png","datePublished":"2025-06-27T01:18:15+00:00","author":{"@id":"https:\/\/www.cargo-montreal.ca\/fr\/#\/schema\/person\/80476d173ce654813db9fd1533901365"},"breadcrumb":{"@id":"https:\/\/www.cargo-montreal.ca\/fr\/formation-comite-sectoriel-de-main-doeuvre-de-lindustrie-maritime-csmoim-3\/#breadcrumb"},"inLanguage":"fr-FR","potentialAction":[{"@type":"ReadAction","target":["https:\/\/www.cargo-montreal.ca\/fr\/formation-comite-sectoriel-de-main-doeuvre-de-lindustrie-maritime-csmoim-3\/"]}]},{"@type":"ImageObject","inLanguage":"fr-FR","@id":"https:\/\/www.cargo-montreal.ca\/fr\/formation-comite-sectoriel-de-main-doeuvre-de-lindustrie-maritime-csmoim-3\/#primaryimage","url":"https:\/\/www.cargo-montreal.ca\/wp-content\/uploads\/2024\/06\/Comite_Sectoriel_H_coul.png","contentUrl":"https:\/\/www.cargo-montreal.ca\/wp-content\/uploads\/2024\/06\/Comite_Sectoriel_H_coul.png","width":1200,"height":477},{"@type":"BreadcrumbList","@id":"https:\/\/www.cargo-montreal.ca\/fr\/formation-comite-sectoriel-de-main-doeuvre-de-lindustrie-maritime-csmoim-3\/#breadcrumb","itemListElement":[{"@type":"ListItem","position":1,"name":"Home","item":"https:\/\/www.cargo-montreal.ca\/fr\/"},{"@type":"ListItem","position":2,"name":"Formation: Comit\u00e9 sectoriel de main-d&#8217;oeuvre de l&#8217;industrie maritime (CSMOIM)"}]},{"@type":"WebSite","@id":"https:\/\/www.cargo-montreal.ca\/fr\/#website","url":"https:\/\/www.cargo-montreal.ca\/fr\/","name":"CargoM","description":"La mission de CargoM: Rassembler les acteurs de la logistique &amp; du transport de marchandises du Grand Montr\u00e9al autour d&#039;objectifs communs, d&#039;actions concert\u00e9es","potentialAction":[{"@type":"SearchAction","target":{"@type":"EntryPoint","urlTemplate":"https:\/\/www.cargo-montreal.ca\/fr\/?s={search_term_string}"},"query-input":{"@type":"PropertyValueSpecification","valueRequired":true,"valueName":"search_term_string"}}],"inLanguage":"fr-FR"},{"@type":"Person","@id":"https:\/\/www.cargo-montreal.ca\/fr\/#\/schema\/person\/80476d173ce654813db9fd1533901365","name":"Karine Dudognon","image":{"@type":"ImageObject","inLanguage":"fr-FR","@id":"https:\/\/secure.gravatar.com\/avatar\/673bdfb703a9b6685a88bc7dfb04a9ea2b48b30e9d1663a5e759a4e9bfa3e2c0?s=96&d=mm&r=g","url":"https:\/\/secure.gravatar.com\/avatar\/673bdfb703a9b6685a88bc7dfb04a9ea2b48b30e9d1663a5e759a4e9bfa3e2c0?s=96&d=mm&r=g","contentUrl":"https:\/\/secure.gravatar.com\/avatar\/673bdfb703a9b6685a88bc7dfb04a9ea2b48b30e9d1663a5e759a4e9bfa3e2c0?s=96&d=mm&r=g","caption":"Karine Dudognon"},"url":"https:\/\/www.cargo-montreal.ca\/fr\/author\/karine\/"}]}},"_links":{"self":[{"href":"https:\/\/www.cargo-montreal.ca\/fr\/wp-json\/wp\/v2\/posts\/18605","targetHints":{"allow":["GET"]}}],"collection":[{"href":"https:\/\/www.cargo-montreal.ca\/fr\/wp-json\/wp\/v2\/posts"}],"about":[{"href":"https:\/\/www.cargo-montreal.ca\/fr\/wp-json\/wp\/v2\/types\/post"}],"author":[{"embeddable":true,"href":"https:\/\/www.cargo-montreal.ca\/fr\/wp-json\/wp\/v2\/users\/39"}],"replies":[{"embeddable":true,"href":"https:\/\/www.cargo-montreal.ca\/fr\/wp-json\/wp\/v2\/comments?post=18605"}],"version-history":[{"count":1,"href":"https:\/\/www.cargo-montreal.ca\/fr\/wp-json\/wp\/v2\/posts\/18605\/revisions"}],"predecessor-version":[{"id":18606,"href":"https:\/\/www.cargo-montreal.ca\/fr\/wp-json\/wp\/v2\/posts\/18605\/revisions\/18606"}],"wp:featuredmedia":[{"embeddable":true,"href":"https:\/\/www.cargo-montreal.ca\/fr\/wp-json\/wp\/v2\/media\/17089"}],"wp:attachment":[{"href":"https:\/\/www.cargo-montreal.ca\/fr\/wp-json\/wp\/v2\/media?parent=18605"}],"wp:term":[{"taxonomy":"category","embeddable":true,"href":"https:\/\/www.cargo-montreal.ca\/fr\/wp-json\/wp\/v2\/categories?post=18605"},{"taxonomy":"post_tag","embeddable":true,"href":"https:\/\/www.cargo-montreal.ca\/fr\/wp-json\/wp\/v2\/tags?post=18605"}],"curies":[{"name":"wp","href":"https:\/\/api.w.org\/{rel}","templated":true}]}}