{"id":18981,"date":"2025-11-04T14:17:38","date_gmt":"2025-11-04T19:17:38","guid":{"rendered":"https:\/\/www.cargo-montreal.ca\/?p=18981"},"modified":"2025-11-04T14:17:38","modified_gmt":"2025-11-04T19:17:38","slug":"pomerleau-fait-equipe-avec-aecon-pour-le-projet-dexpansion-du-port-de-montreal-a-contrecoeur","status":"publish","type":"post","link":"https:\/\/www.cargo-montreal.ca\/fr\/pomerleau-fait-equipe-avec-aecon-pour-le-projet-dexpansion-du-port-de-montreal-a-contrecoeur\/","title":{"rendered":"Pomerleau fait \u00e9quipe avec Aecon pour le projet d&rsquo;expansion du Port de Montr\u00e9al \u00e0 Contrec\u0153ur."},"content":{"rendered":"<p>Le regroupement Constructeurs Terminal de Contrec\u0153ur Grands Projets (CTCGP), compos\u00e9 de\u00a0<a href=\"https:\/\/pomerleau.ca\/fr\" target=\"_blank\" rel=\"noopener\" data-hs-link-id=\"1\" data-hs-link-id-v2=\"KA1FhXTv\">Pomerleau<\/a>\u00a0et de\u00a0<a href=\"https:\/\/www.aecon.com\/\" target=\"_blank\" rel=\"noopener\" data-hs-link-id=\"0\" data-hs-link-id-v2=\"K6tP4MeP\">Aecon<\/a>, est fier d&rsquo;amorcer la nouvelle phase des travaux du projet d&rsquo;expansion du Port de Montr\u00e9al \u00e0 Contrec\u0153ur de l&rsquo;Administration portuaire de Montr\u00e9al (APM).<\/p>\r\n<p>Pomerleau est fi\u00e8re de pouvoir contribuer \u00e0 un projet hautement strat\u00e9gique pour le pays. Ce projet d&rsquo;envergure contribuera \u00e0 renforcer la cha\u00eene logistique du Canada, \u00e0 soutenir la croissance du commerce international et \u00e0 stimuler l&rsquo;\u00e9conomie locale de la r\u00e9gion du Grand Montr\u00e9al.<\/p>\r\n<p align=\"justify\">Concr\u00e8tement, le projet vise la construction de deux postes \u00e0 quai totalisant 675 m\u00e8tres qui seront mis en service en 2029. Ces nouvelles installations portuaires accueilleront des navires de grande capacit\u00e9, notamment des porte-conteneurs, ayant un volume pouvant\u00a0atteindre 1,15 million d&rsquo;EVP (\u00e9quivalent vingt pieds).<\/p>\r\n<p><a href=\"https:\/\/www.newswire.ca\/fr\/news-releases\/pomerleau-fait-equipe-avec-aecon-pour-le-projet-d-expansion-du-port-de-montreal-a-contrecoeur-847877161.html\" target=\"_blank\" rel=\"noopener\" data-hs-link-id=\"1\" data-hs-link-id-v2=\"D9CEQ6\/1\">Pour lire le communiqu\u00e9<\/a><br \/>\r\nSource et visuel\u00a0: Pomerleau<\/p>","protected":false},"excerpt":{"rendered":"Le regroupement Constructeurs Terminal de Contrec\u0153ur Grands Projets (CTCGP), compos\u00e9 de\u00a0Pomerleau\u00a0et de\u00a0Aecon, est fier d&rsquo;amorcer la nouvelle phase des travaux du projet d&rsquo;expansion du Port de Montr\u00e9al \u00e0 Contrec\u0153ur de l&rsquo;Administration portuaire de Montr\u00e9al (APM). Pomerleau est fi\u00e8re de pouvoir contribuer \u00e0 un projet hautement strat\u00e9gique pour le pays. Ce projet d&rsquo;envergure contribuera \u00e0 renforcer [&hellip;]","protected":false},"author":39,"featured_media":18947,"comment_status":"closed","ping_status":"closed","sticky":false,"template":"","format":"standard","meta":{"_acf_changed":false,"footnotes":""},"categories":[20],"tags":[],"class_list":["post-18981","post","type-post","status-publish","format-standard","has-post-thumbnail","hentry","category-services-logistiques"],"acf":[],"yoast_head":"<!-- This site is optimized with the Yoast SEO plugin v27.3 - https:\/\/yoast.com\/product\/yoast-seo-wordpress\/ -->\n<title>Pomerleau fait \u00e9quipe avec Aecon pour le projet d&#039;expansion du Port de Montr\u00e9al \u00e0 Contrec\u0153ur. - CargoM<\/title>\n<meta name=\"robots\" content=\"index, follow, max-snippet:-1, max-image-preview:large, max-video-preview:-1\" \/>\n<link rel=\"canonical\" href=\"https:\/\/www.cargo-montreal.ca\/fr\/pomerleau-fait-equipe-avec-aecon-pour-le-projet-dexpansion-du-port-de-montreal-a-contrecoeur\/\" \/>\n<meta property=\"og:locale\" content=\"fr_FR\" \/>\n<meta property=\"og:type\" content=\"article\" \/>\n<meta property=\"og:title\" content=\"Pomerleau fait \u00e9quipe avec Aecon pour le projet d&#039;expansion du Port de Montr\u00e9al \u00e0 Contrec\u0153ur. - CargoM\" \/>\n<meta property=\"og:description\" content=\"Le regroupement Constructeurs Terminal de Contrec\u0153ur Grands Projets (CTCGP), compos\u00e9 de\u00a0Pomerleau\u00a0et de\u00a0Aecon, est fier d&rsquo;amorcer la nouvelle phase des travaux du projet d&rsquo;expansion du Port de Montr\u00e9al \u00e0 Contrec\u0153ur de l&rsquo;Administration portuaire de Montr\u00e9al (APM). Pomerleau est fi\u00e8re de pouvoir contribuer \u00e0 un projet hautement strat\u00e9gique pour le pays. Ce projet d&rsquo;envergure contribuera \u00e0 renforcer [&hellip;]\" \/>\n<meta property=\"og:url\" content=\"https:\/\/www.cargo-montreal.ca\/fr\/pomerleau-fait-equipe-avec-aecon-pour-le-projet-dexpansion-du-port-de-montreal-a-contrecoeur\/\" \/>\n<meta property=\"og:site_name\" content=\"CargoM\" \/>\n<meta property=\"article:published_time\" content=\"2025-11-04T19:17:38+00:00\" \/>\n<meta property=\"og:image\" content=\"https:\/\/www.cargo-montreal.ca\/wp-content\/uploads\/2025\/11\/Contrecoeur.png\" \/>\n\t<meta property=\"og:image:width\" content=\"1651\" \/>\n\t<meta property=\"og:image:height\" content=\"821\" \/>\n\t<meta property=\"og:image:type\" content=\"image\/png\" \/>\n<meta name=\"author\" content=\"Karine Dudognon\" \/>\n<meta name=\"twitter:card\" content=\"summary_large_image\" \/>\n<meta name=\"twitter:label1\" content=\"\u00c9crit par\" \/>\n\t<meta name=\"twitter:data1\" content=\"Karine Dudognon\" \/>\n\t<meta name=\"twitter:label2\" content=\"Dur\u00e9e de lecture estim\u00e9e\" \/>\n\t<meta name=\"twitter:data2\" content=\"1 minute\" \/>\n<script type=\"application\/ld+json\" class=\"yoast-schema-graph\">{\"@context\":\"https:\\\/\\\/schema.org\",\"@graph\":[{\"@type\":\"Article\",\"@id\":\"https:\\\/\\\/www.cargo-montreal.ca\\\/fr\\\/pomerleau-fait-equipe-avec-aecon-pour-le-projet-dexpansion-du-port-de-montreal-a-contrecoeur\\\/#article\",\"isPartOf\":{\"@id\":\"https:\\\/\\\/www.cargo-montreal.ca\\\/fr\\\/pomerleau-fait-equipe-avec-aecon-pour-le-projet-dexpansion-du-port-de-montreal-a-contrecoeur\\\/\"},\"author\":{\"name\":\"Karine Dudognon\",\"@id\":\"https:\\\/\\\/www.cargo-montreal.ca\\\/fr\\\/#\\\/schema\\\/person\\\/80476d173ce654813db9fd1533901365\"},\"headline\":\"Pomerleau fait \u00e9quipe avec Aecon pour le projet d&rsquo;expansion du Port de Montr\u00e9al \u00e0 Contrec\u0153ur.\",\"datePublished\":\"2025-11-04T19:17:38+00:00\",\"mainEntityOfPage\":{\"@id\":\"https:\\\/\\\/www.cargo-montreal.ca\\\/fr\\\/pomerleau-fait-equipe-avec-aecon-pour-le-projet-dexpansion-du-port-de-montreal-a-contrecoeur\\\/\"},\"wordCount\":159,\"image\":{\"@id\":\"https:\\\/\\\/www.cargo-montreal.ca\\\/fr\\\/pomerleau-fait-equipe-avec-aecon-pour-le-projet-dexpansion-du-port-de-montreal-a-contrecoeur\\\/#primaryimage\"},\"thumbnailUrl\":\"https:\\\/\\\/www.cargo-montreal.ca\\\/wp-content\\\/uploads\\\/2025\\\/11\\\/Contrecoeur.png\",\"articleSection\":[\"Services logistiques\"],\"inLanguage\":\"fr-FR\"},{\"@type\":\"WebPage\",\"@id\":\"https:\\\/\\\/www.cargo-montreal.ca\\\/fr\\\/pomerleau-fait-equipe-avec-aecon-pour-le-projet-dexpansion-du-port-de-montreal-a-contrecoeur\\\/\",\"url\":\"https:\\\/\\\/www.cargo-montreal.ca\\\/fr\\\/pomerleau-fait-equipe-avec-aecon-pour-le-projet-dexpansion-du-port-de-montreal-a-contrecoeur\\\/\",\"name\":\"Pomerleau fait \u00e9quipe avec Aecon pour le projet d'expansion du Port de Montr\u00e9al \u00e0 Contrec\u0153ur. - CargoM\",\"isPartOf\":{\"@id\":\"https:\\\/\\\/www.cargo-montreal.ca\\\/fr\\\/#website\"},\"primaryImageOfPage\":{\"@id\":\"https:\\\/\\\/www.cargo-montreal.ca\\\/fr\\\/pomerleau-fait-equipe-avec-aecon-pour-le-projet-dexpansion-du-port-de-montreal-a-contrecoeur\\\/#primaryimage\"},\"image\":{\"@id\":\"https:\\\/\\\/www.cargo-montreal.ca\\\/fr\\\/pomerleau-fait-equipe-avec-aecon-pour-le-projet-dexpansion-du-port-de-montreal-a-contrecoeur\\\/#primaryimage\"},\"thumbnailUrl\":\"https:\\\/\\\/www.cargo-montreal.ca\\\/wp-content\\\/uploads\\\/2025\\\/11\\\/Contrecoeur.png\",\"datePublished\":\"2025-11-04T19:17:38+00:00\",\"author\":{\"@id\":\"https:\\\/\\\/www.cargo-montreal.ca\\\/fr\\\/#\\\/schema\\\/person\\\/80476d173ce654813db9fd1533901365\"},\"breadcrumb\":{\"@id\":\"https:\\\/\\\/www.cargo-montreal.ca\\\/fr\\\/pomerleau-fait-equipe-avec-aecon-pour-le-projet-dexpansion-du-port-de-montreal-a-contrecoeur\\\/#breadcrumb\"},\"inLanguage\":\"fr-FR\",\"potentialAction\":[{\"@type\":\"ReadAction\",\"target\":[\"https:\\\/\\\/www.cargo-montreal.ca\\\/fr\\\/pomerleau-fait-equipe-avec-aecon-pour-le-projet-dexpansion-du-port-de-montreal-a-contrecoeur\\\/\"]}]},{\"@type\":\"ImageObject\",\"inLanguage\":\"fr-FR\",\"@id\":\"https:\\\/\\\/www.cargo-montreal.ca\\\/fr\\\/pomerleau-fait-equipe-avec-aecon-pour-le-projet-dexpansion-du-port-de-montreal-a-contrecoeur\\\/#primaryimage\",\"url\":\"https:\\\/\\\/www.cargo-montreal.ca\\\/wp-content\\\/uploads\\\/2025\\\/11\\\/Contrecoeur.png\",\"contentUrl\":\"https:\\\/\\\/www.cargo-montreal.ca\\\/wp-content\\\/uploads\\\/2025\\\/11\\\/Contrecoeur.png\",\"width\":1651,\"height\":821},{\"@type\":\"BreadcrumbList\",\"@id\":\"https:\\\/\\\/www.cargo-montreal.ca\\\/fr\\\/pomerleau-fait-equipe-avec-aecon-pour-le-projet-dexpansion-du-port-de-montreal-a-contrecoeur\\\/#breadcrumb\",\"itemListElement\":[{\"@type\":\"ListItem\",\"position\":1,\"name\":\"Home\",\"item\":\"https:\\\/\\\/www.cargo-montreal.ca\\\/fr\\\/\"},{\"@type\":\"ListItem\",\"position\":2,\"name\":\"Pomerleau fait \u00e9quipe avec Aecon pour le projet d&#8217;expansion du Port de Montr\u00e9al \u00e0 Contrec\u0153ur.\"}]},{\"@type\":\"WebSite\",\"@id\":\"https:\\\/\\\/www.cargo-montreal.ca\\\/fr\\\/#website\",\"url\":\"https:\\\/\\\/www.cargo-montreal.ca\\\/fr\\\/\",\"name\":\"CargoM\",\"description\":\"La mission de CargoM: Rassembler les acteurs de la logistique &amp; du transport de marchandises du Grand Montr\u00e9al autour d&#039;objectifs communs, d&#039;actions concert\u00e9es\",\"potentialAction\":[{\"@type\":\"SearchAction\",\"target\":{\"@type\":\"EntryPoint\",\"urlTemplate\":\"https:\\\/\\\/www.cargo-montreal.ca\\\/fr\\\/?s={search_term_string}\"},\"query-input\":{\"@type\":\"PropertyValueSpecification\",\"valueRequired\":true,\"valueName\":\"search_term_string\"}}],\"inLanguage\":\"fr-FR\"},{\"@type\":\"Person\",\"@id\":\"https:\\\/\\\/www.cargo-montreal.ca\\\/fr\\\/#\\\/schema\\\/person\\\/80476d173ce654813db9fd1533901365\",\"name\":\"Karine Dudognon\",\"image\":{\"@type\":\"ImageObject\",\"inLanguage\":\"fr-FR\",\"@id\":\"https:\\\/\\\/secure.gravatar.com\\\/avatar\\\/673bdfb703a9b6685a88bc7dfb04a9ea2b48b30e9d1663a5e759a4e9bfa3e2c0?s=96&d=mm&r=g\",\"url\":\"https:\\\/\\\/secure.gravatar.com\\\/avatar\\\/673bdfb703a9b6685a88bc7dfb04a9ea2b48b30e9d1663a5e759a4e9bfa3e2c0?s=96&d=mm&r=g\",\"contentUrl\":\"https:\\\/\\\/secure.gravatar.com\\\/avatar\\\/673bdfb703a9b6685a88bc7dfb04a9ea2b48b30e9d1663a5e759a4e9bfa3e2c0?s=96&d=mm&r=g\",\"caption\":\"Karine Dudognon\"},\"url\":\"https:\\\/\\\/www.cargo-montreal.ca\\\/fr\\\/author\\\/karine\\\/\"}]}<\/script>\n<!-- \/ Yoast SEO plugin. -->","yoast_head_json":{"title":"Pomerleau fait \u00e9quipe avec Aecon pour le projet d'expansion du Port de Montr\u00e9al \u00e0 Contrec\u0153ur. - CargoM","robots":{"index":"index","follow":"follow","max-snippet":"max-snippet:-1","max-image-preview":"max-image-preview:large","max-video-preview":"max-video-preview:-1"},"canonical":"https:\/\/www.cargo-montreal.ca\/fr\/pomerleau-fait-equipe-avec-aecon-pour-le-projet-dexpansion-du-port-de-montreal-a-contrecoeur\/","og_locale":"fr_FR","og_type":"article","og_title":"Pomerleau fait \u00e9quipe avec Aecon pour le projet d'expansion du Port de Montr\u00e9al \u00e0 Contrec\u0153ur. - CargoM","og_description":"Le regroupement Constructeurs Terminal de Contrec\u0153ur Grands Projets (CTCGP), compos\u00e9 de\u00a0Pomerleau\u00a0et de\u00a0Aecon, est fier d&rsquo;amorcer la nouvelle phase des travaux du projet d&rsquo;expansion du Port de Montr\u00e9al \u00e0 Contrec\u0153ur de l&rsquo;Administration portuaire de Montr\u00e9al (APM). Pomerleau est fi\u00e8re de pouvoir contribuer \u00e0 un projet hautement strat\u00e9gique pour le pays. Ce projet d&rsquo;envergure contribuera \u00e0 renforcer [&hellip;]","og_url":"https:\/\/www.cargo-montreal.ca\/fr\/pomerleau-fait-equipe-avec-aecon-pour-le-projet-dexpansion-du-port-de-montreal-a-contrecoeur\/","og_site_name":"CargoM","article_published_time":"2025-11-04T19:17:38+00:00","og_image":[{"width":1651,"height":821,"url":"https:\/\/www.cargo-montreal.ca\/wp-content\/uploads\/2025\/11\/Contrecoeur.png","type":"image\/png"}],"author":"Karine Dudognon","twitter_card":"summary_large_image","twitter_misc":{"\u00c9crit par":"Karine Dudognon","Dur\u00e9e de lecture estim\u00e9e":"1 minute"},"schema":{"@context":"https:\/\/schema.org","@graph":[{"@type":"Article","@id":"https:\/\/www.cargo-montreal.ca\/fr\/pomerleau-fait-equipe-avec-aecon-pour-le-projet-dexpansion-du-port-de-montreal-a-contrecoeur\/#article","isPartOf":{"@id":"https:\/\/www.cargo-montreal.ca\/fr\/pomerleau-fait-equipe-avec-aecon-pour-le-projet-dexpansion-du-port-de-montreal-a-contrecoeur\/"},"author":{"name":"Karine Dudognon","@id":"https:\/\/www.cargo-montreal.ca\/fr\/#\/schema\/person\/80476d173ce654813db9fd1533901365"},"headline":"Pomerleau fait \u00e9quipe avec Aecon pour le projet d&rsquo;expansion du Port de Montr\u00e9al \u00e0 Contrec\u0153ur.","datePublished":"2025-11-04T19:17:38+00:00","mainEntityOfPage":{"@id":"https:\/\/www.cargo-montreal.ca\/fr\/pomerleau-fait-equipe-avec-aecon-pour-le-projet-dexpansion-du-port-de-montreal-a-contrecoeur\/"},"wordCount":159,"image":{"@id":"https:\/\/www.cargo-montreal.ca\/fr\/pomerleau-fait-equipe-avec-aecon-pour-le-projet-dexpansion-du-port-de-montreal-a-contrecoeur\/#primaryimage"},"thumbnailUrl":"https:\/\/www.cargo-montreal.ca\/wp-content\/uploads\/2025\/11\/Contrecoeur.png","articleSection":["Services logistiques"],"inLanguage":"fr-FR"},{"@type":"WebPage","@id":"https:\/\/www.cargo-montreal.ca\/fr\/pomerleau-fait-equipe-avec-aecon-pour-le-projet-dexpansion-du-port-de-montreal-a-contrecoeur\/","url":"https:\/\/www.cargo-montreal.ca\/fr\/pomerleau-fait-equipe-avec-aecon-pour-le-projet-dexpansion-du-port-de-montreal-a-contrecoeur\/","name":"Pomerleau fait \u00e9quipe avec Aecon pour le projet d'expansion du Port de Montr\u00e9al \u00e0 Contrec\u0153ur. - CargoM","isPartOf":{"@id":"https:\/\/www.cargo-montreal.ca\/fr\/#website"},"primaryImageOfPage":{"@id":"https:\/\/www.cargo-montreal.ca\/fr\/pomerleau-fait-equipe-avec-aecon-pour-le-projet-dexpansion-du-port-de-montreal-a-contrecoeur\/#primaryimage"},"image":{"@id":"https:\/\/www.cargo-montreal.ca\/fr\/pomerleau-fait-equipe-avec-aecon-pour-le-projet-dexpansion-du-port-de-montreal-a-contrecoeur\/#primaryimage"},"thumbnailUrl":"https:\/\/www.cargo-montreal.ca\/wp-content\/uploads\/2025\/11\/Contrecoeur.png","datePublished":"2025-11-04T19:17:38+00:00","author":{"@id":"https:\/\/www.cargo-montreal.ca\/fr\/#\/schema\/person\/80476d173ce654813db9fd1533901365"},"breadcrumb":{"@id":"https:\/\/www.cargo-montreal.ca\/fr\/pomerleau-fait-equipe-avec-aecon-pour-le-projet-dexpansion-du-port-de-montreal-a-contrecoeur\/#breadcrumb"},"inLanguage":"fr-FR","potentialAction":[{"@type":"ReadAction","target":["https:\/\/www.cargo-montreal.ca\/fr\/pomerleau-fait-equipe-avec-aecon-pour-le-projet-dexpansion-du-port-de-montreal-a-contrecoeur\/"]}]},{"@type":"ImageObject","inLanguage":"fr-FR","@id":"https:\/\/www.cargo-montreal.ca\/fr\/pomerleau-fait-equipe-avec-aecon-pour-le-projet-dexpansion-du-port-de-montreal-a-contrecoeur\/#primaryimage","url":"https:\/\/www.cargo-montreal.ca\/wp-content\/uploads\/2025\/11\/Contrecoeur.png","contentUrl":"https:\/\/www.cargo-montreal.ca\/wp-content\/uploads\/2025\/11\/Contrecoeur.png","width":1651,"height":821},{"@type":"BreadcrumbList","@id":"https:\/\/www.cargo-montreal.ca\/fr\/pomerleau-fait-equipe-avec-aecon-pour-le-projet-dexpansion-du-port-de-montreal-a-contrecoeur\/#breadcrumb","itemListElement":[{"@type":"ListItem","position":1,"name":"Home","item":"https:\/\/www.cargo-montreal.ca\/fr\/"},{"@type":"ListItem","position":2,"name":"Pomerleau fait \u00e9quipe avec Aecon pour le projet d&#8217;expansion du Port de Montr\u00e9al \u00e0 Contrec\u0153ur."}]},{"@type":"WebSite","@id":"https:\/\/www.cargo-montreal.ca\/fr\/#website","url":"https:\/\/www.cargo-montreal.ca\/fr\/","name":"CargoM","description":"La mission de CargoM: Rassembler les acteurs de la logistique &amp; du transport de marchandises du Grand Montr\u00e9al autour d&#039;objectifs communs, d&#039;actions concert\u00e9es","potentialAction":[{"@type":"SearchAction","target":{"@type":"EntryPoint","urlTemplate":"https:\/\/www.cargo-montreal.ca\/fr\/?s={search_term_string}"},"query-input":{"@type":"PropertyValueSpecification","valueRequired":true,"valueName":"search_term_string"}}],"inLanguage":"fr-FR"},{"@type":"Person","@id":"https:\/\/www.cargo-montreal.ca\/fr\/#\/schema\/person\/80476d173ce654813db9fd1533901365","name":"Karine Dudognon","image":{"@type":"ImageObject","inLanguage":"fr-FR","@id":"https:\/\/secure.gravatar.com\/avatar\/673bdfb703a9b6685a88bc7dfb04a9ea2b48b30e9d1663a5e759a4e9bfa3e2c0?s=96&d=mm&r=g","url":"https:\/\/secure.gravatar.com\/avatar\/673bdfb703a9b6685a88bc7dfb04a9ea2b48b30e9d1663a5e759a4e9bfa3e2c0?s=96&d=mm&r=g","contentUrl":"https:\/\/secure.gravatar.com\/avatar\/673bdfb703a9b6685a88bc7dfb04a9ea2b48b30e9d1663a5e759a4e9bfa3e2c0?s=96&d=mm&r=g","caption":"Karine Dudognon"},"url":"https:\/\/www.cargo-montreal.ca\/fr\/author\/karine\/"}]}},"_links":{"self":[{"href":"https:\/\/www.cargo-montreal.ca\/fr\/wp-json\/wp\/v2\/posts\/18981","targetHints":{"allow":["GET"]}}],"collection":[{"href":"https:\/\/www.cargo-montreal.ca\/fr\/wp-json\/wp\/v2\/posts"}],"about":[{"href":"https:\/\/www.cargo-montreal.ca\/fr\/wp-json\/wp\/v2\/types\/post"}],"author":[{"embeddable":true,"href":"https:\/\/www.cargo-montreal.ca\/fr\/wp-json\/wp\/v2\/users\/39"}],"replies":[{"embeddable":true,"href":"https:\/\/www.cargo-montreal.ca\/fr\/wp-json\/wp\/v2\/comments?post=18981"}],"version-history":[{"count":1,"href":"https:\/\/www.cargo-montreal.ca\/fr\/wp-json\/wp\/v2\/posts\/18981\/revisions"}],"predecessor-version":[{"id":18982,"href":"https:\/\/www.cargo-montreal.ca\/fr\/wp-json\/wp\/v2\/posts\/18981\/revisions\/18982"}],"wp:featuredmedia":[{"embeddable":true,"href":"https:\/\/www.cargo-montreal.ca\/fr\/wp-json\/wp\/v2\/media\/18947"}],"wp:attachment":[{"href":"https:\/\/www.cargo-montreal.ca\/fr\/wp-json\/wp\/v2\/media?parent=18981"}],"wp:term":[{"taxonomy":"category","embeddable":true,"href":"https:\/\/www.cargo-montreal.ca\/fr\/wp-json\/wp\/v2\/categories?post=18981"},{"taxonomy":"post_tag","embeddable":true,"href":"https:\/\/www.cargo-montreal.ca\/fr\/wp-json\/wp\/v2\/tags?post=18981"}],"curies":[{"name":"wp","href":"https:\/\/api.w.org\/{rel}","templated":true}]}}