{"id":6898,"date":"2019-08-05T17:48:01","date_gmt":"2019-08-05T17:48:01","guid":{"rendered":"https:\/\/www.cargo-montreal.ca\/lancement-du-centre-zone-franche\/"},"modified":"2019-08-13T15:40:15","modified_gmt":"2019-08-13T15:40:15","slug":"lancement-du-centre-zone-franche","status":"publish","type":"post","link":"https:\/\/www.cargo-montreal.ca\/fr\/lancement-du-centre-zone-franche\/","title":{"rendered":"Lancement du Centre zone franche"},"content":{"rendered":"<p style=\"text-align: justify;\">Le 22 juillet dernier, CargoM et ses partenaires, \u00e9taient fiers d\u2019annoncer, en compagnie de l\u2019honorable Marc Garneau, ministre des Transports du Canada, la d\u00e9signation de Centre zone franche pour le territoire de la communaut\u00e9 m\u00e9tropolitaine de Montr\u00e9al.<\/p>\r\n<p style=\"text-align: justify;\">Cr\u00e9\u00e9 dans l\u2019objectif de promouvoir notre industrie, son mandat sera \u00e9galement de soutenir le commerce local et les investissements directs \u00e9trangers en agissant comme source de renseignements sur les politiques et les programmes canadiens relatifs aux zones franches.<\/p>\r\n<p style=\"text-align: justify;\">Avec la d\u00e9signation de Centre zone franche, guichet unique pour les entreprises localis\u00e9es sur le territoire du Grand Montr\u00e9al, nous venons de nous doter d\u2019un outil additionnel qui permettra d\u2019augmenter notre attractivit\u00e9 comme plaque tournante de commerce international et porte d\u2019entr\u00e9e en Am\u00e9rique du Nord. Nos exportateurs, nos importateurs et l\u2019ensemble du secteur du transport et de la logistique b\u00e9n\u00e9ficieront amplement de cette nouvelle d\u00e9signation.<\/p>\r\n<p style=\"text-align: justify;\">Le contexte actuel est id\u00e9al pour mise en place d\u2019un Centre zone franche. L\u2019industrie de la logistique et du transport des marchandises est un vecteur \u00e9conomique important pour la r\u00e9gion m\u00e9tropolitaine et les ann\u00e9es \u00e0 venir confirmeront cette position, notamment avec l\u2019arriv\u00e9e du nouveau terminal de Contrec\u0153ur. Le secteur vis\u00e9 par le Centre zone franche permettra \u00e9galement de soutenir le d\u00e9veloppement des p\u00f4les logistiques et des zones industrialo portuaires (ZIP). Nous profiterons aussi des avantages strat\u00e9giques qu\u2019offre le Port de Montr\u00e9al par son emplacement et par son acc\u00e8s facile \u00e0 un syst\u00e8me de transport multimodal.<\/p>\r\n<p style=\"text-align: justify;\">Les activit\u00e9s du Centre zone franche seront sous la responsabilit\u00e9 de Monsieur Christian Kamudimba qui agira \u00e0 titre de coordonnateur. M. Kamudimba a \u0153uvr\u00e9 au d\u00e9veloppement des affaires au sein de DExCan (Drawback Experts Canada), une entreprise offrant un service d&rsquo;accompagnement pour l&rsquo;obtention de la d\u00e9signation de zone franche. Il a \u00e9galement \u00e9t\u00e9 impliqu\u00e9 lors de la d\u00e9signation de la zone franche de Cap-Breton et celle de Windsor Essex (Windsor Essex&rsquo;s Foreign Trande Zone). Son exp\u00e9rience permettra, de concert avec tous les acteurs socio\u00e9conomiques de la r\u00e9gion, d\u2019accompagner les entreprises existantes, nouvellement implant\u00e9es ou les investisseurs souhaitant se pr\u00e9valoir des avantages fiscaux accessibles en adh\u00e9rant aux programmes canadiens de zone franche. Bienvenue \u00e0 Christian dans l\u2019\u00e9quipe de CargoM\u00a0!<\/p>","protected":false},"excerpt":{"rendered":"Le 22 juillet dernier, CargoM et ses partenaires, \u00e9taient fiers d\u2019annoncer, en compagnie de l\u2019honorable Marc Garneau, ministre des Transports du Canada, la d\u00e9signation de Centre zone franche pour le territoire de la communaut\u00e9 m\u00e9tropolitaine de Montr\u00e9al. Cr\u00e9\u00e9 dans l\u2019objectif de promouvoir notre industrie, son mandat sera \u00e9galement de soutenir le commerce local et les [&hellip;]","protected":false},"author":39,"featured_media":6841,"comment_status":"open","ping_status":"open","sticky":false,"template":"","format":"standard","meta":{"_acf_changed":false,"footnotes":""},"categories":[20],"tags":[],"class_list":["post-6898","post","type-post","status-publish","format-standard","has-post-thumbnail","hentry","category-services-logistiques"],"acf":[],"yoast_head":"<!-- This site is optimized with the Yoast SEO plugin v27.3 - https:\/\/yoast.com\/product\/yoast-seo-wordpress\/ -->\n<title>Lancement du Centre zone franche - CargoM<\/title>\n<meta name=\"robots\" content=\"index, follow, max-snippet:-1, max-image-preview:large, max-video-preview:-1\" \/>\n<link rel=\"canonical\" href=\"https:\/\/www.cargo-montreal.ca\/fr\/lancement-du-centre-zone-franche\/\" \/>\n<meta property=\"og:locale\" content=\"fr_FR\" \/>\n<meta property=\"og:type\" content=\"article\" \/>\n<meta property=\"og:title\" content=\"Lancement du Centre zone franche - CargoM\" \/>\n<meta property=\"og:description\" content=\"Le 22 juillet dernier, CargoM et ses partenaires, \u00e9taient fiers d\u2019annoncer, en compagnie de l\u2019honorable Marc Garneau, ministre des Transports du Canada, la d\u00e9signation de Centre zone franche pour le territoire de la communaut\u00e9 m\u00e9tropolitaine de Montr\u00e9al. Cr\u00e9\u00e9 dans l\u2019objectif de promouvoir notre industrie, son mandat sera \u00e9galement de soutenir le commerce local et les [&hellip;]\" \/>\n<meta property=\"og:url\" content=\"https:\/\/www.cargo-montreal.ca\/fr\/lancement-du-centre-zone-franche\/\" \/>\n<meta property=\"og:site_name\" content=\"CargoM\" \/>\n<meta property=\"article:published_time\" content=\"2019-08-05T17:48:01+00:00\" \/>\n<meta property=\"article:modified_time\" content=\"2019-08-13T15:40:15+00:00\" \/>\n<meta property=\"og:image\" content=\"https:\/\/www.cargo-montreal.ca\/wp-content\/uploads\/2019\/08\/20190722_100330.jpg\" \/>\n\t<meta property=\"og:image:width\" content=\"2708\" \/>\n\t<meta property=\"og:image:height\" content=\"1347\" \/>\n\t<meta property=\"og:image:type\" content=\"image\/jpeg\" \/>\n<meta name=\"author\" content=\"Karine Dudognon\" \/>\n<meta name=\"twitter:card\" content=\"summary_large_image\" \/>\n<meta name=\"twitter:label1\" content=\"\u00c9crit par\" \/>\n\t<meta name=\"twitter:data1\" content=\"Karine Dudognon\" \/>\n\t<meta name=\"twitter:label2\" content=\"Dur\u00e9e de lecture estim\u00e9e\" \/>\n\t<meta name=\"twitter:data2\" content=\"2 minutes\" \/>\n<script type=\"application\/ld+json\" class=\"yoast-schema-graph\">{\"@context\":\"https:\\\/\\\/schema.org\",\"@graph\":[{\"@type\":\"Article\",\"@id\":\"https:\\\/\\\/www.cargo-montreal.ca\\\/fr\\\/lancement-du-centre-zone-franche\\\/#article\",\"isPartOf\":{\"@id\":\"https:\\\/\\\/www.cargo-montreal.ca\\\/fr\\\/lancement-du-centre-zone-franche\\\/\"},\"author\":{\"name\":\"Karine Dudognon\",\"@id\":\"https:\\\/\\\/www.cargo-montreal.ca\\\/fr\\\/#\\\/schema\\\/person\\\/80476d173ce654813db9fd1533901365\"},\"headline\":\"Lancement du Centre zone franche\",\"datePublished\":\"2019-08-05T17:48:01+00:00\",\"dateModified\":\"2019-08-13T15:40:15+00:00\",\"mainEntityOfPage\":{\"@id\":\"https:\\\/\\\/www.cargo-montreal.ca\\\/fr\\\/lancement-du-centre-zone-franche\\\/\"},\"wordCount\":402,\"commentCount\":0,\"image\":{\"@id\":\"https:\\\/\\\/www.cargo-montreal.ca\\\/fr\\\/lancement-du-centre-zone-franche\\\/#primaryimage\"},\"thumbnailUrl\":\"https:\\\/\\\/www.cargo-montreal.ca\\\/wp-content\\\/uploads\\\/2019\\\/08\\\/20190722_100330.jpg\",\"articleSection\":[\"Services logistiques\"],\"inLanguage\":\"fr-FR\",\"potentialAction\":[{\"@type\":\"CommentAction\",\"name\":\"Comment\",\"target\":[\"https:\\\/\\\/www.cargo-montreal.ca\\\/fr\\\/lancement-du-centre-zone-franche\\\/#respond\"]}]},{\"@type\":\"WebPage\",\"@id\":\"https:\\\/\\\/www.cargo-montreal.ca\\\/fr\\\/lancement-du-centre-zone-franche\\\/\",\"url\":\"https:\\\/\\\/www.cargo-montreal.ca\\\/fr\\\/lancement-du-centre-zone-franche\\\/\",\"name\":\"Lancement du Centre zone franche - CargoM\",\"isPartOf\":{\"@id\":\"https:\\\/\\\/www.cargo-montreal.ca\\\/fr\\\/#website\"},\"primaryImageOfPage\":{\"@id\":\"https:\\\/\\\/www.cargo-montreal.ca\\\/fr\\\/lancement-du-centre-zone-franche\\\/#primaryimage\"},\"image\":{\"@id\":\"https:\\\/\\\/www.cargo-montreal.ca\\\/fr\\\/lancement-du-centre-zone-franche\\\/#primaryimage\"},\"thumbnailUrl\":\"https:\\\/\\\/www.cargo-montreal.ca\\\/wp-content\\\/uploads\\\/2019\\\/08\\\/20190722_100330.jpg\",\"datePublished\":\"2019-08-05T17:48:01+00:00\",\"dateModified\":\"2019-08-13T15:40:15+00:00\",\"author\":{\"@id\":\"https:\\\/\\\/www.cargo-montreal.ca\\\/fr\\\/#\\\/schema\\\/person\\\/80476d173ce654813db9fd1533901365\"},\"breadcrumb\":{\"@id\":\"https:\\\/\\\/www.cargo-montreal.ca\\\/fr\\\/lancement-du-centre-zone-franche\\\/#breadcrumb\"},\"inLanguage\":\"fr-FR\",\"potentialAction\":[{\"@type\":\"ReadAction\",\"target\":[\"https:\\\/\\\/www.cargo-montreal.ca\\\/fr\\\/lancement-du-centre-zone-franche\\\/\"]}]},{\"@type\":\"ImageObject\",\"inLanguage\":\"fr-FR\",\"@id\":\"https:\\\/\\\/www.cargo-montreal.ca\\\/fr\\\/lancement-du-centre-zone-franche\\\/#primaryimage\",\"url\":\"https:\\\/\\\/www.cargo-montreal.ca\\\/wp-content\\\/uploads\\\/2019\\\/08\\\/20190722_100330.jpg\",\"contentUrl\":\"https:\\\/\\\/www.cargo-montreal.ca\\\/wp-content\\\/uploads\\\/2019\\\/08\\\/20190722_100330.jpg\",\"width\":2708,\"height\":1347},{\"@type\":\"BreadcrumbList\",\"@id\":\"https:\\\/\\\/www.cargo-montreal.ca\\\/fr\\\/lancement-du-centre-zone-franche\\\/#breadcrumb\",\"itemListElement\":[{\"@type\":\"ListItem\",\"position\":1,\"name\":\"Home\",\"item\":\"https:\\\/\\\/www.cargo-montreal.ca\\\/fr\\\/\"},{\"@type\":\"ListItem\",\"position\":2,\"name\":\"Lancement du Centre zone franche\"}]},{\"@type\":\"WebSite\",\"@id\":\"https:\\\/\\\/www.cargo-montreal.ca\\\/fr\\\/#website\",\"url\":\"https:\\\/\\\/www.cargo-montreal.ca\\\/fr\\\/\",\"name\":\"CargoM\",\"description\":\"La mission de CargoM: Rassembler les acteurs de la logistique &amp; du transport de marchandises du Grand Montr\u00e9al autour d&#039;objectifs communs, d&#039;actions concert\u00e9es\",\"potentialAction\":[{\"@type\":\"SearchAction\",\"target\":{\"@type\":\"EntryPoint\",\"urlTemplate\":\"https:\\\/\\\/www.cargo-montreal.ca\\\/fr\\\/?s={search_term_string}\"},\"query-input\":{\"@type\":\"PropertyValueSpecification\",\"valueRequired\":true,\"valueName\":\"search_term_string\"}}],\"inLanguage\":\"fr-FR\"},{\"@type\":\"Person\",\"@id\":\"https:\\\/\\\/www.cargo-montreal.ca\\\/fr\\\/#\\\/schema\\\/person\\\/80476d173ce654813db9fd1533901365\",\"name\":\"Karine Dudognon\",\"image\":{\"@type\":\"ImageObject\",\"inLanguage\":\"fr-FR\",\"@id\":\"https:\\\/\\\/secure.gravatar.com\\\/avatar\\\/673bdfb703a9b6685a88bc7dfb04a9ea2b48b30e9d1663a5e759a4e9bfa3e2c0?s=96&d=mm&r=g\",\"url\":\"https:\\\/\\\/secure.gravatar.com\\\/avatar\\\/673bdfb703a9b6685a88bc7dfb04a9ea2b48b30e9d1663a5e759a4e9bfa3e2c0?s=96&d=mm&r=g\",\"contentUrl\":\"https:\\\/\\\/secure.gravatar.com\\\/avatar\\\/673bdfb703a9b6685a88bc7dfb04a9ea2b48b30e9d1663a5e759a4e9bfa3e2c0?s=96&d=mm&r=g\",\"caption\":\"Karine Dudognon\"},\"url\":\"https:\\\/\\\/www.cargo-montreal.ca\\\/fr\\\/author\\\/karine\\\/\"}]}<\/script>\n<!-- \/ Yoast SEO plugin. -->","yoast_head_json":{"title":"Lancement du Centre zone franche - CargoM","robots":{"index":"index","follow":"follow","max-snippet":"max-snippet:-1","max-image-preview":"max-image-preview:large","max-video-preview":"max-video-preview:-1"},"canonical":"https:\/\/www.cargo-montreal.ca\/fr\/lancement-du-centre-zone-franche\/","og_locale":"fr_FR","og_type":"article","og_title":"Lancement du Centre zone franche - CargoM","og_description":"Le 22 juillet dernier, CargoM et ses partenaires, \u00e9taient fiers d\u2019annoncer, en compagnie de l\u2019honorable Marc Garneau, ministre des Transports du Canada, la d\u00e9signation de Centre zone franche pour le territoire de la communaut\u00e9 m\u00e9tropolitaine de Montr\u00e9al. Cr\u00e9\u00e9 dans l\u2019objectif de promouvoir notre industrie, son mandat sera \u00e9galement de soutenir le commerce local et les [&hellip;]","og_url":"https:\/\/www.cargo-montreal.ca\/fr\/lancement-du-centre-zone-franche\/","og_site_name":"CargoM","article_published_time":"2019-08-05T17:48:01+00:00","article_modified_time":"2019-08-13T15:40:15+00:00","og_image":[{"width":2708,"height":1347,"url":"https:\/\/www.cargo-montreal.ca\/wp-content\/uploads\/2019\/08\/20190722_100330.jpg","type":"image\/jpeg"}],"author":"Karine Dudognon","twitter_card":"summary_large_image","twitter_misc":{"\u00c9crit par":"Karine Dudognon","Dur\u00e9e de lecture estim\u00e9e":"2 minutes"},"schema":{"@context":"https:\/\/schema.org","@graph":[{"@type":"Article","@id":"https:\/\/www.cargo-montreal.ca\/fr\/lancement-du-centre-zone-franche\/#article","isPartOf":{"@id":"https:\/\/www.cargo-montreal.ca\/fr\/lancement-du-centre-zone-franche\/"},"author":{"name":"Karine Dudognon","@id":"https:\/\/www.cargo-montreal.ca\/fr\/#\/schema\/person\/80476d173ce654813db9fd1533901365"},"headline":"Lancement du Centre zone franche","datePublished":"2019-08-05T17:48:01+00:00","dateModified":"2019-08-13T15:40:15+00:00","mainEntityOfPage":{"@id":"https:\/\/www.cargo-montreal.ca\/fr\/lancement-du-centre-zone-franche\/"},"wordCount":402,"commentCount":0,"image":{"@id":"https:\/\/www.cargo-montreal.ca\/fr\/lancement-du-centre-zone-franche\/#primaryimage"},"thumbnailUrl":"https:\/\/www.cargo-montreal.ca\/wp-content\/uploads\/2019\/08\/20190722_100330.jpg","articleSection":["Services logistiques"],"inLanguage":"fr-FR","potentialAction":[{"@type":"CommentAction","name":"Comment","target":["https:\/\/www.cargo-montreal.ca\/fr\/lancement-du-centre-zone-franche\/#respond"]}]},{"@type":"WebPage","@id":"https:\/\/www.cargo-montreal.ca\/fr\/lancement-du-centre-zone-franche\/","url":"https:\/\/www.cargo-montreal.ca\/fr\/lancement-du-centre-zone-franche\/","name":"Lancement du Centre zone franche - CargoM","isPartOf":{"@id":"https:\/\/www.cargo-montreal.ca\/fr\/#website"},"primaryImageOfPage":{"@id":"https:\/\/www.cargo-montreal.ca\/fr\/lancement-du-centre-zone-franche\/#primaryimage"},"image":{"@id":"https:\/\/www.cargo-montreal.ca\/fr\/lancement-du-centre-zone-franche\/#primaryimage"},"thumbnailUrl":"https:\/\/www.cargo-montreal.ca\/wp-content\/uploads\/2019\/08\/20190722_100330.jpg","datePublished":"2019-08-05T17:48:01+00:00","dateModified":"2019-08-13T15:40:15+00:00","author":{"@id":"https:\/\/www.cargo-montreal.ca\/fr\/#\/schema\/person\/80476d173ce654813db9fd1533901365"},"breadcrumb":{"@id":"https:\/\/www.cargo-montreal.ca\/fr\/lancement-du-centre-zone-franche\/#breadcrumb"},"inLanguage":"fr-FR","potentialAction":[{"@type":"ReadAction","target":["https:\/\/www.cargo-montreal.ca\/fr\/lancement-du-centre-zone-franche\/"]}]},{"@type":"ImageObject","inLanguage":"fr-FR","@id":"https:\/\/www.cargo-montreal.ca\/fr\/lancement-du-centre-zone-franche\/#primaryimage","url":"https:\/\/www.cargo-montreal.ca\/wp-content\/uploads\/2019\/08\/20190722_100330.jpg","contentUrl":"https:\/\/www.cargo-montreal.ca\/wp-content\/uploads\/2019\/08\/20190722_100330.jpg","width":2708,"height":1347},{"@type":"BreadcrumbList","@id":"https:\/\/www.cargo-montreal.ca\/fr\/lancement-du-centre-zone-franche\/#breadcrumb","itemListElement":[{"@type":"ListItem","position":1,"name":"Home","item":"https:\/\/www.cargo-montreal.ca\/fr\/"},{"@type":"ListItem","position":2,"name":"Lancement du Centre zone franche"}]},{"@type":"WebSite","@id":"https:\/\/www.cargo-montreal.ca\/fr\/#website","url":"https:\/\/www.cargo-montreal.ca\/fr\/","name":"CargoM","description":"La mission de CargoM: Rassembler les acteurs de la logistique &amp; du transport de marchandises du Grand Montr\u00e9al autour d&#039;objectifs communs, d&#039;actions concert\u00e9es","potentialAction":[{"@type":"SearchAction","target":{"@type":"EntryPoint","urlTemplate":"https:\/\/www.cargo-montreal.ca\/fr\/?s={search_term_string}"},"query-input":{"@type":"PropertyValueSpecification","valueRequired":true,"valueName":"search_term_string"}}],"inLanguage":"fr-FR"},{"@type":"Person","@id":"https:\/\/www.cargo-montreal.ca\/fr\/#\/schema\/person\/80476d173ce654813db9fd1533901365","name":"Karine Dudognon","image":{"@type":"ImageObject","inLanguage":"fr-FR","@id":"https:\/\/secure.gravatar.com\/avatar\/673bdfb703a9b6685a88bc7dfb04a9ea2b48b30e9d1663a5e759a4e9bfa3e2c0?s=96&d=mm&r=g","url":"https:\/\/secure.gravatar.com\/avatar\/673bdfb703a9b6685a88bc7dfb04a9ea2b48b30e9d1663a5e759a4e9bfa3e2c0?s=96&d=mm&r=g","contentUrl":"https:\/\/secure.gravatar.com\/avatar\/673bdfb703a9b6685a88bc7dfb04a9ea2b48b30e9d1663a5e759a4e9bfa3e2c0?s=96&d=mm&r=g","caption":"Karine Dudognon"},"url":"https:\/\/www.cargo-montreal.ca\/fr\/author\/karine\/"}]}},"_links":{"self":[{"href":"https:\/\/www.cargo-montreal.ca\/fr\/wp-json\/wp\/v2\/posts\/6898","targetHints":{"allow":["GET"]}}],"collection":[{"href":"https:\/\/www.cargo-montreal.ca\/fr\/wp-json\/wp\/v2\/posts"}],"about":[{"href":"https:\/\/www.cargo-montreal.ca\/fr\/wp-json\/wp\/v2\/types\/post"}],"author":[{"embeddable":true,"href":"https:\/\/www.cargo-montreal.ca\/fr\/wp-json\/wp\/v2\/users\/39"}],"replies":[{"embeddable":true,"href":"https:\/\/www.cargo-montreal.ca\/fr\/wp-json\/wp\/v2\/comments?post=6898"}],"version-history":[{"count":1,"href":"https:\/\/www.cargo-montreal.ca\/fr\/wp-json\/wp\/v2\/posts\/6898\/revisions"}],"predecessor-version":[{"id":6922,"href":"https:\/\/www.cargo-montreal.ca\/fr\/wp-json\/wp\/v2\/posts\/6898\/revisions\/6922"}],"wp:featuredmedia":[{"embeddable":true,"href":"https:\/\/www.cargo-montreal.ca\/fr\/wp-json\/wp\/v2\/media\/6841"}],"wp:attachment":[{"href":"https:\/\/www.cargo-montreal.ca\/fr\/wp-json\/wp\/v2\/media?parent=6898"}],"wp:term":[{"taxonomy":"category","embeddable":true,"href":"https:\/\/www.cargo-montreal.ca\/fr\/wp-json\/wp\/v2\/categories?post=6898"},{"taxonomy":"post_tag","embeddable":true,"href":"https:\/\/www.cargo-montreal.ca\/fr\/wp-json\/wp\/v2\/tags?post=6898"}],"curies":[{"name":"wp","href":"https:\/\/api.w.org\/{rel}","templated":true}]}}