{"id":6906,"date":"2019-08-05T17:44:49","date_gmt":"2019-08-05T17:44:49","guid":{"rendered":"https:\/\/www.cargo-montreal.ca\/cargom-engagee-sur-plusieurs-fronts-pour-la-communaute-logistique\/"},"modified":"2019-08-13T15:39:43","modified_gmt":"2019-08-13T15:39:43","slug":"cargom-engagee-sur-plusieurs-fronts-pour-la-communaute-logistique","status":"publish","type":"post","link":"https:\/\/www.cargo-montreal.ca\/fr\/cargom-engagee-sur-plusieurs-fronts-pour-la-communaute-logistique\/","title":{"rendered":"CargoM engag\u00e9e sur plusieurs fronts pour la communaut\u00e9 logistique"},"content":{"rendered":"<p style=\"text-align: justify;\">Nous avons a pr\u00e9sent\u00e9 le 11 juin dernier, devant les membres, les partenaires et les bailleurs de fonds, notre <a href=\"https:\/\/www.cargo-montreal.ca\/wp-content\/uploads\/2019\/06\/CargoM-RapportAnnuel-2018-2019_FRR%C3%A9duit.pdf\">rapport annuel 2018-2019<\/a> \u00e0 l\u2019occasion de notre l\u2019assembl\u00e9e g\u00e9n\u00e9rale. Cette ann\u00e9e encore, de nombreuses actions furent entreprises afin d\u2019am\u00e9liorer la fluidit\u00e9, de soutenir le d\u00e9veloppement, de favoriser le rayonnement et de promouvoir le secteur de la logistique et du transport de marchandises.<\/p>\r\n<p style=\"text-align: justify;\">Voici quelques faits saillants de l\u2019ann\u00e9e 2018-2019\u00a0:<\/p>\r\n\r\n<ul style=\"text-align: justify;\">\r\n \t<li>Troisi\u00e8me Journ\u00e9e Carri\u00e8res en transport et logistique o\u00f9 plus de 1 500 participants et pr\u00e8s de 60 entreprises se sont r\u00e9unis au Grand quai du Port de Montr\u00e9al, l\u2019\u00e9v\u00e9nement fut organis\u00e9 en partenariat avec Emploi-Qu\u00e9bec de l\u2019\u00eele de Montr\u00e9al et le Canadien National;<\/li>\r\n \t<li>Harmonisation et extension d\u00e9finitive des heures d\u2019ouverture des terminaux de MGTP et Termont de 6 h \u00e0 23 h, avec les partenaires du secteur, faisant suite au projet pilote de 2017-2018;<\/li>\r\n \t<li>Obtention d\u2019un financement pour \u00e0 la mise en place d\u2019un Centre zone franche dont le mandat sera de promouvoir le commerce local et les investissements directs \u00e9trangers;<\/li>\r\n \t<li>Lancement du site Internet <a href=\"http:\/\/montrealtransportlogistique.ca\">montrealtransportlogistique<\/a>,\u00a0dernier outil du Guide Ambassadeur faisant la promotion des avantages de la plaque tournante du Grand Montr\u00e9al;<\/li>\r\n \t<li>Organisation, en partenariat avec le minist\u00e8re de l\u2019\u00c9conomie et de l\u2019Innovation (MEI), de visites industrielles 4.0 chez Groupe Robert et \u00e0 la Quincaillerie Richelieu afin de pr\u00e9senter leurs transformations num\u00e9riques.<\/li>\r\n<\/ul>\r\n<p style=\"text-align: justify;\">Pour consulter en d\u00e9tail toutes les activit\u00e9s de CargoM en 2018-2019 et les actions pr\u00e9vues pour 2019-2020, nous vous invitons \u00e0 consulter notre rapport annuel en cliquant <a href=\"https:\/\/www.cargo-montreal.ca\/wp-content\/uploads\/2019\/06\/CargoM-RapportAnnuel-2018-2019_FRR%C3%A9duit.pdf\">ici<\/a>.<\/p>\r\n<p style=\"text-align: justify;\">Enfin, nous sommes heureux d\u2019annoncer, pour un 6e mandat, la r\u00e9\u00e9lection de Madame Sylvie Vachon, pr\u00e9sidente-directrice g\u00e9n\u00e9rale de l\u2019Administration portuaire de Montr\u00e9al, au poste de pr\u00e9sidente du conseil d\u2019administration de la Grappe. Nous soulignons \u00e9galement l\u2019arriv\u00e9e en tant qu\u2019administrateur de Monsieur Matthieu Casey, Directeur, Gestion des revenus et strat\u00e9gie chez Air Canada Cargo. Pour conna\u00eetre la liste de tous nos administrateurs pour l\u2019ann\u00e9e 2019-2020, consultez le site Internet de <a href=\"https:\/\/www.cargo-montreal.ca\/fr\/qui-sommes-nous\/conseil-administration\/\">CargoM<\/a>.<\/p>","protected":false},"excerpt":{"rendered":"Nous avons a pr\u00e9sent\u00e9 le 11 juin dernier, devant les membres, les partenaires et les bailleurs de fonds, notre rapport annuel 2018-2019 \u00e0 l\u2019occasion de notre l\u2019assembl\u00e9e g\u00e9n\u00e9rale. Cette ann\u00e9e encore, de nombreuses actions furent entreprises afin d\u2019am\u00e9liorer la fluidit\u00e9, de soutenir le d\u00e9veloppement, de favoriser le rayonnement et de promouvoir le secteur de la [&hellip;]","protected":false},"author":39,"featured_media":6843,"comment_status":"open","ping_status":"open","sticky":false,"template":"","format":"standard","meta":{"_acf_changed":false,"footnotes":""},"categories":[20],"tags":[],"class_list":["post-6906","post","type-post","status-publish","format-standard","has-post-thumbnail","hentry","category-services-logistiques"],"acf":[],"yoast_head":"<!-- This site is optimized with the Yoast SEO plugin v27.3 - https:\/\/yoast.com\/product\/yoast-seo-wordpress\/ -->\n<title>CargoM engag\u00e9e sur plusieurs fronts pour la communaut\u00e9 logistique - CargoM<\/title>\n<meta name=\"robots\" content=\"index, follow, max-snippet:-1, max-image-preview:large, max-video-preview:-1\" \/>\n<link rel=\"canonical\" href=\"https:\/\/www.cargo-montreal.ca\/fr\/cargom-engagee-sur-plusieurs-fronts-pour-la-communaute-logistique\/\" \/>\n<meta property=\"og:locale\" content=\"fr_FR\" \/>\n<meta property=\"og:type\" content=\"article\" \/>\n<meta property=\"og:title\" content=\"CargoM engag\u00e9e sur plusieurs fronts pour la communaut\u00e9 logistique - CargoM\" \/>\n<meta property=\"og:description\" content=\"Nous avons a pr\u00e9sent\u00e9 le 11 juin dernier, devant les membres, les partenaires et les bailleurs de fonds, notre rapport annuel 2018-2019 \u00e0 l\u2019occasion de notre l\u2019assembl\u00e9e g\u00e9n\u00e9rale. Cette ann\u00e9e encore, de nombreuses actions furent entreprises afin d\u2019am\u00e9liorer la fluidit\u00e9, de soutenir le d\u00e9veloppement, de favoriser le rayonnement et de promouvoir le secteur de la [&hellip;]\" \/>\n<meta property=\"og:url\" content=\"https:\/\/www.cargo-montreal.ca\/fr\/cargom-engagee-sur-plusieurs-fronts-pour-la-communaute-logistique\/\" \/>\n<meta property=\"og:site_name\" content=\"CargoM\" \/>\n<meta property=\"article:published_time\" content=\"2019-08-05T17:44:49+00:00\" \/>\n<meta property=\"article:modified_time\" content=\"2019-08-13T15:39:43+00:00\" \/>\n<meta property=\"og:image\" content=\"https:\/\/www.cargo-montreal.ca\/wp-content\/uploads\/2019\/08\/AGA2019.jpg\" \/>\n\t<meta property=\"og:image:width\" content=\"3405\" \/>\n\t<meta property=\"og:image:height\" content=\"1838\" \/>\n\t<meta property=\"og:image:type\" content=\"image\/jpeg\" \/>\n<meta name=\"author\" content=\"Karine Dudognon\" \/>\n<meta name=\"twitter:card\" content=\"summary_large_image\" \/>\n<meta name=\"twitter:label1\" content=\"\u00c9crit par\" \/>\n\t<meta name=\"twitter:data1\" content=\"Karine Dudognon\" \/>\n\t<meta name=\"twitter:label2\" content=\"Dur\u00e9e de lecture estim\u00e9e\" \/>\n\t<meta name=\"twitter:data2\" content=\"2 minutes\" \/>\n<script type=\"application\/ld+json\" class=\"yoast-schema-graph\">{\"@context\":\"https:\\\/\\\/schema.org\",\"@graph\":[{\"@type\":\"Article\",\"@id\":\"https:\\\/\\\/www.cargo-montreal.ca\\\/fr\\\/cargom-engagee-sur-plusieurs-fronts-pour-la-communaute-logistique\\\/#article\",\"isPartOf\":{\"@id\":\"https:\\\/\\\/www.cargo-montreal.ca\\\/fr\\\/cargom-engagee-sur-plusieurs-fronts-pour-la-communaute-logistique\\\/\"},\"author\":{\"name\":\"Karine Dudognon\",\"@id\":\"https:\\\/\\\/www.cargo-montreal.ca\\\/fr\\\/#\\\/schema\\\/person\\\/80476d173ce654813db9fd1533901365\"},\"headline\":\"CargoM engag\u00e9e sur plusieurs fronts pour la communaut\u00e9 logistique\",\"datePublished\":\"2019-08-05T17:44:49+00:00\",\"dateModified\":\"2019-08-13T15:39:43+00:00\",\"mainEntityOfPage\":{\"@id\":\"https:\\\/\\\/www.cargo-montreal.ca\\\/fr\\\/cargom-engagee-sur-plusieurs-fronts-pour-la-communaute-logistique\\\/\"},\"wordCount\":369,\"commentCount\":0,\"image\":{\"@id\":\"https:\\\/\\\/www.cargo-montreal.ca\\\/fr\\\/cargom-engagee-sur-plusieurs-fronts-pour-la-communaute-logistique\\\/#primaryimage\"},\"thumbnailUrl\":\"https:\\\/\\\/www.cargo-montreal.ca\\\/wp-content\\\/uploads\\\/2019\\\/08\\\/AGA2019.jpg\",\"articleSection\":[\"Services logistiques\"],\"inLanguage\":\"fr-FR\",\"potentialAction\":[{\"@type\":\"CommentAction\",\"name\":\"Comment\",\"target\":[\"https:\\\/\\\/www.cargo-montreal.ca\\\/fr\\\/cargom-engagee-sur-plusieurs-fronts-pour-la-communaute-logistique\\\/#respond\"]}]},{\"@type\":\"WebPage\",\"@id\":\"https:\\\/\\\/www.cargo-montreal.ca\\\/fr\\\/cargom-engagee-sur-plusieurs-fronts-pour-la-communaute-logistique\\\/\",\"url\":\"https:\\\/\\\/www.cargo-montreal.ca\\\/fr\\\/cargom-engagee-sur-plusieurs-fronts-pour-la-communaute-logistique\\\/\",\"name\":\"CargoM engag\u00e9e sur plusieurs fronts pour la communaut\u00e9 logistique - CargoM\",\"isPartOf\":{\"@id\":\"https:\\\/\\\/www.cargo-montreal.ca\\\/fr\\\/#website\"},\"primaryImageOfPage\":{\"@id\":\"https:\\\/\\\/www.cargo-montreal.ca\\\/fr\\\/cargom-engagee-sur-plusieurs-fronts-pour-la-communaute-logistique\\\/#primaryimage\"},\"image\":{\"@id\":\"https:\\\/\\\/www.cargo-montreal.ca\\\/fr\\\/cargom-engagee-sur-plusieurs-fronts-pour-la-communaute-logistique\\\/#primaryimage\"},\"thumbnailUrl\":\"https:\\\/\\\/www.cargo-montreal.ca\\\/wp-content\\\/uploads\\\/2019\\\/08\\\/AGA2019.jpg\",\"datePublished\":\"2019-08-05T17:44:49+00:00\",\"dateModified\":\"2019-08-13T15:39:43+00:00\",\"author\":{\"@id\":\"https:\\\/\\\/www.cargo-montreal.ca\\\/fr\\\/#\\\/schema\\\/person\\\/80476d173ce654813db9fd1533901365\"},\"breadcrumb\":{\"@id\":\"https:\\\/\\\/www.cargo-montreal.ca\\\/fr\\\/cargom-engagee-sur-plusieurs-fronts-pour-la-communaute-logistique\\\/#breadcrumb\"},\"inLanguage\":\"fr-FR\",\"potentialAction\":[{\"@type\":\"ReadAction\",\"target\":[\"https:\\\/\\\/www.cargo-montreal.ca\\\/fr\\\/cargom-engagee-sur-plusieurs-fronts-pour-la-communaute-logistique\\\/\"]}]},{\"@type\":\"ImageObject\",\"inLanguage\":\"fr-FR\",\"@id\":\"https:\\\/\\\/www.cargo-montreal.ca\\\/fr\\\/cargom-engagee-sur-plusieurs-fronts-pour-la-communaute-logistique\\\/#primaryimage\",\"url\":\"https:\\\/\\\/www.cargo-montreal.ca\\\/wp-content\\\/uploads\\\/2019\\\/08\\\/AGA2019.jpg\",\"contentUrl\":\"https:\\\/\\\/www.cargo-montreal.ca\\\/wp-content\\\/uploads\\\/2019\\\/08\\\/AGA2019.jpg\",\"width\":3405,\"height\":1838},{\"@type\":\"BreadcrumbList\",\"@id\":\"https:\\\/\\\/www.cargo-montreal.ca\\\/fr\\\/cargom-engagee-sur-plusieurs-fronts-pour-la-communaute-logistique\\\/#breadcrumb\",\"itemListElement\":[{\"@type\":\"ListItem\",\"position\":1,\"name\":\"Home\",\"item\":\"https:\\\/\\\/www.cargo-montreal.ca\\\/fr\\\/\"},{\"@type\":\"ListItem\",\"position\":2,\"name\":\"CargoM engag\u00e9e sur plusieurs fronts pour la communaut\u00e9 logistique\"}]},{\"@type\":\"WebSite\",\"@id\":\"https:\\\/\\\/www.cargo-montreal.ca\\\/fr\\\/#website\",\"url\":\"https:\\\/\\\/www.cargo-montreal.ca\\\/fr\\\/\",\"name\":\"CargoM\",\"description\":\"La mission de CargoM: Rassembler les acteurs de la logistique &amp; du transport de marchandises du Grand Montr\u00e9al autour d&#039;objectifs communs, d&#039;actions concert\u00e9es\",\"potentialAction\":[{\"@type\":\"SearchAction\",\"target\":{\"@type\":\"EntryPoint\",\"urlTemplate\":\"https:\\\/\\\/www.cargo-montreal.ca\\\/fr\\\/?s={search_term_string}\"},\"query-input\":{\"@type\":\"PropertyValueSpecification\",\"valueRequired\":true,\"valueName\":\"search_term_string\"}}],\"inLanguage\":\"fr-FR\"},{\"@type\":\"Person\",\"@id\":\"https:\\\/\\\/www.cargo-montreal.ca\\\/fr\\\/#\\\/schema\\\/person\\\/80476d173ce654813db9fd1533901365\",\"name\":\"Karine Dudognon\",\"image\":{\"@type\":\"ImageObject\",\"inLanguage\":\"fr-FR\",\"@id\":\"https:\\\/\\\/secure.gravatar.com\\\/avatar\\\/673bdfb703a9b6685a88bc7dfb04a9ea2b48b30e9d1663a5e759a4e9bfa3e2c0?s=96&d=mm&r=g\",\"url\":\"https:\\\/\\\/secure.gravatar.com\\\/avatar\\\/673bdfb703a9b6685a88bc7dfb04a9ea2b48b30e9d1663a5e759a4e9bfa3e2c0?s=96&d=mm&r=g\",\"contentUrl\":\"https:\\\/\\\/secure.gravatar.com\\\/avatar\\\/673bdfb703a9b6685a88bc7dfb04a9ea2b48b30e9d1663a5e759a4e9bfa3e2c0?s=96&d=mm&r=g\",\"caption\":\"Karine Dudognon\"},\"url\":\"https:\\\/\\\/www.cargo-montreal.ca\\\/fr\\\/author\\\/karine\\\/\"}]}<\/script>\n<!-- \/ Yoast SEO plugin. -->","yoast_head_json":{"title":"CargoM engag\u00e9e sur plusieurs fronts pour la communaut\u00e9 logistique - CargoM","robots":{"index":"index","follow":"follow","max-snippet":"max-snippet:-1","max-image-preview":"max-image-preview:large","max-video-preview":"max-video-preview:-1"},"canonical":"https:\/\/www.cargo-montreal.ca\/fr\/cargom-engagee-sur-plusieurs-fronts-pour-la-communaute-logistique\/","og_locale":"fr_FR","og_type":"article","og_title":"CargoM engag\u00e9e sur plusieurs fronts pour la communaut\u00e9 logistique - CargoM","og_description":"Nous avons a pr\u00e9sent\u00e9 le 11 juin dernier, devant les membres, les partenaires et les bailleurs de fonds, notre rapport annuel 2018-2019 \u00e0 l\u2019occasion de notre l\u2019assembl\u00e9e g\u00e9n\u00e9rale. Cette ann\u00e9e encore, de nombreuses actions furent entreprises afin d\u2019am\u00e9liorer la fluidit\u00e9, de soutenir le d\u00e9veloppement, de favoriser le rayonnement et de promouvoir le secteur de la [&hellip;]","og_url":"https:\/\/www.cargo-montreal.ca\/fr\/cargom-engagee-sur-plusieurs-fronts-pour-la-communaute-logistique\/","og_site_name":"CargoM","article_published_time":"2019-08-05T17:44:49+00:00","article_modified_time":"2019-08-13T15:39:43+00:00","og_image":[{"width":3405,"height":1838,"url":"https:\/\/www.cargo-montreal.ca\/wp-content\/uploads\/2019\/08\/AGA2019.jpg","type":"image\/jpeg"}],"author":"Karine Dudognon","twitter_card":"summary_large_image","twitter_misc":{"\u00c9crit par":"Karine Dudognon","Dur\u00e9e de lecture estim\u00e9e":"2 minutes"},"schema":{"@context":"https:\/\/schema.org","@graph":[{"@type":"Article","@id":"https:\/\/www.cargo-montreal.ca\/fr\/cargom-engagee-sur-plusieurs-fronts-pour-la-communaute-logistique\/#article","isPartOf":{"@id":"https:\/\/www.cargo-montreal.ca\/fr\/cargom-engagee-sur-plusieurs-fronts-pour-la-communaute-logistique\/"},"author":{"name":"Karine Dudognon","@id":"https:\/\/www.cargo-montreal.ca\/fr\/#\/schema\/person\/80476d173ce654813db9fd1533901365"},"headline":"CargoM engag\u00e9e sur plusieurs fronts pour la communaut\u00e9 logistique","datePublished":"2019-08-05T17:44:49+00:00","dateModified":"2019-08-13T15:39:43+00:00","mainEntityOfPage":{"@id":"https:\/\/www.cargo-montreal.ca\/fr\/cargom-engagee-sur-plusieurs-fronts-pour-la-communaute-logistique\/"},"wordCount":369,"commentCount":0,"image":{"@id":"https:\/\/www.cargo-montreal.ca\/fr\/cargom-engagee-sur-plusieurs-fronts-pour-la-communaute-logistique\/#primaryimage"},"thumbnailUrl":"https:\/\/www.cargo-montreal.ca\/wp-content\/uploads\/2019\/08\/AGA2019.jpg","articleSection":["Services logistiques"],"inLanguage":"fr-FR","potentialAction":[{"@type":"CommentAction","name":"Comment","target":["https:\/\/www.cargo-montreal.ca\/fr\/cargom-engagee-sur-plusieurs-fronts-pour-la-communaute-logistique\/#respond"]}]},{"@type":"WebPage","@id":"https:\/\/www.cargo-montreal.ca\/fr\/cargom-engagee-sur-plusieurs-fronts-pour-la-communaute-logistique\/","url":"https:\/\/www.cargo-montreal.ca\/fr\/cargom-engagee-sur-plusieurs-fronts-pour-la-communaute-logistique\/","name":"CargoM engag\u00e9e sur plusieurs fronts pour la communaut\u00e9 logistique - CargoM","isPartOf":{"@id":"https:\/\/www.cargo-montreal.ca\/fr\/#website"},"primaryImageOfPage":{"@id":"https:\/\/www.cargo-montreal.ca\/fr\/cargom-engagee-sur-plusieurs-fronts-pour-la-communaute-logistique\/#primaryimage"},"image":{"@id":"https:\/\/www.cargo-montreal.ca\/fr\/cargom-engagee-sur-plusieurs-fronts-pour-la-communaute-logistique\/#primaryimage"},"thumbnailUrl":"https:\/\/www.cargo-montreal.ca\/wp-content\/uploads\/2019\/08\/AGA2019.jpg","datePublished":"2019-08-05T17:44:49+00:00","dateModified":"2019-08-13T15:39:43+00:00","author":{"@id":"https:\/\/www.cargo-montreal.ca\/fr\/#\/schema\/person\/80476d173ce654813db9fd1533901365"},"breadcrumb":{"@id":"https:\/\/www.cargo-montreal.ca\/fr\/cargom-engagee-sur-plusieurs-fronts-pour-la-communaute-logistique\/#breadcrumb"},"inLanguage":"fr-FR","potentialAction":[{"@type":"ReadAction","target":["https:\/\/www.cargo-montreal.ca\/fr\/cargom-engagee-sur-plusieurs-fronts-pour-la-communaute-logistique\/"]}]},{"@type":"ImageObject","inLanguage":"fr-FR","@id":"https:\/\/www.cargo-montreal.ca\/fr\/cargom-engagee-sur-plusieurs-fronts-pour-la-communaute-logistique\/#primaryimage","url":"https:\/\/www.cargo-montreal.ca\/wp-content\/uploads\/2019\/08\/AGA2019.jpg","contentUrl":"https:\/\/www.cargo-montreal.ca\/wp-content\/uploads\/2019\/08\/AGA2019.jpg","width":3405,"height":1838},{"@type":"BreadcrumbList","@id":"https:\/\/www.cargo-montreal.ca\/fr\/cargom-engagee-sur-plusieurs-fronts-pour-la-communaute-logistique\/#breadcrumb","itemListElement":[{"@type":"ListItem","position":1,"name":"Home","item":"https:\/\/www.cargo-montreal.ca\/fr\/"},{"@type":"ListItem","position":2,"name":"CargoM engag\u00e9e sur plusieurs fronts pour la communaut\u00e9 logistique"}]},{"@type":"WebSite","@id":"https:\/\/www.cargo-montreal.ca\/fr\/#website","url":"https:\/\/www.cargo-montreal.ca\/fr\/","name":"CargoM","description":"La mission de CargoM: Rassembler les acteurs de la logistique &amp; du transport de marchandises du Grand Montr\u00e9al autour d&#039;objectifs communs, d&#039;actions concert\u00e9es","potentialAction":[{"@type":"SearchAction","target":{"@type":"EntryPoint","urlTemplate":"https:\/\/www.cargo-montreal.ca\/fr\/?s={search_term_string}"},"query-input":{"@type":"PropertyValueSpecification","valueRequired":true,"valueName":"search_term_string"}}],"inLanguage":"fr-FR"},{"@type":"Person","@id":"https:\/\/www.cargo-montreal.ca\/fr\/#\/schema\/person\/80476d173ce654813db9fd1533901365","name":"Karine Dudognon","image":{"@type":"ImageObject","inLanguage":"fr-FR","@id":"https:\/\/secure.gravatar.com\/avatar\/673bdfb703a9b6685a88bc7dfb04a9ea2b48b30e9d1663a5e759a4e9bfa3e2c0?s=96&d=mm&r=g","url":"https:\/\/secure.gravatar.com\/avatar\/673bdfb703a9b6685a88bc7dfb04a9ea2b48b30e9d1663a5e759a4e9bfa3e2c0?s=96&d=mm&r=g","contentUrl":"https:\/\/secure.gravatar.com\/avatar\/673bdfb703a9b6685a88bc7dfb04a9ea2b48b30e9d1663a5e759a4e9bfa3e2c0?s=96&d=mm&r=g","caption":"Karine Dudognon"},"url":"https:\/\/www.cargo-montreal.ca\/fr\/author\/karine\/"}]}},"_links":{"self":[{"href":"https:\/\/www.cargo-montreal.ca\/fr\/wp-json\/wp\/v2\/posts\/6906","targetHints":{"allow":["GET"]}}],"collection":[{"href":"https:\/\/www.cargo-montreal.ca\/fr\/wp-json\/wp\/v2\/posts"}],"about":[{"href":"https:\/\/www.cargo-montreal.ca\/fr\/wp-json\/wp\/v2\/types\/post"}],"author":[{"embeddable":true,"href":"https:\/\/www.cargo-montreal.ca\/fr\/wp-json\/wp\/v2\/users\/39"}],"replies":[{"embeddable":true,"href":"https:\/\/www.cargo-montreal.ca\/fr\/wp-json\/wp\/v2\/comments?post=6906"}],"version-history":[{"count":2,"href":"https:\/\/www.cargo-montreal.ca\/fr\/wp-json\/wp\/v2\/posts\/6906\/revisions"}],"predecessor-version":[{"id":6923,"href":"https:\/\/www.cargo-montreal.ca\/fr\/wp-json\/wp\/v2\/posts\/6906\/revisions\/6923"}],"wp:featuredmedia":[{"embeddable":true,"href":"https:\/\/www.cargo-montreal.ca\/fr\/wp-json\/wp\/v2\/media\/6843"}],"wp:attachment":[{"href":"https:\/\/www.cargo-montreal.ca\/fr\/wp-json\/wp\/v2\/media?parent=6906"}],"wp:term":[{"taxonomy":"category","embeddable":true,"href":"https:\/\/www.cargo-montreal.ca\/fr\/wp-json\/wp\/v2\/categories?post=6906"},{"taxonomy":"post_tag","embeddable":true,"href":"https:\/\/www.cargo-montreal.ca\/fr\/wp-json\/wp\/v2\/tags?post=6906"}],"curies":[{"name":"wp","href":"https:\/\/api.w.org\/{rel}","templated":true}]}}