{"id":7653,"date":"2019-12-16T11:58:48","date_gmt":"2019-12-16T11:58:48","guid":{"rendered":"https:\/\/www.cargo-montreal.ca\/?p=7653"},"modified":"2019-12-16T16:18:40","modified_gmt":"2019-12-16T16:18:40","slug":"activite-reseautage","status":"publish","type":"post","link":"https:\/\/www.cargo-montreal.ca\/fr\/activite-reseautage\/","title":{"rendered":"Activit\u00e9 r\u00e9seautage"},"content":{"rendered":"<p style=\"text-align: justify;\">CargoM et le <a href=\"https:\/\/www.citt.ca\/?gclid=EAIaIQobChMI_8CzyZap5gIVm4FaBR1sAgF3EAAYASAAEgLSy_D_BwE\">Canadian Institute of Traffic and Transportation (CITT)<\/a>, organisme de formation, de certification et d\u2019expertise en logistique de la cha\u00eene d\u2019approvisionnement, ont organis\u00e9 le 5 novembre dernier une activit\u00e9 r\u00e9seautage suivant la Journ\u00e9e carri\u00e8res. Pr\u00e8s d\u2019une centaine de personnes sont venus \u00e9changer lors de cet \u00e9v\u00e9nement au cours duquel un prix fut remis par Mme Pina Melchionna, pr\u00e9sidente-directrice g\u00e9n\u00e9rale et par Mme Sylvie Saint-Laurent, pr\u00e9sidente du conseil de Montr\u00e9al, \u00e0 monsieur Adolf Nanyell, qui a obtenu son accr\u00e9ditation professionnelle en logistique d\u00e9livr\u00e9e par le CITT.<\/p>","protected":false},"excerpt":{"rendered":"CargoM et le Canadian Institute of Traffic and Transportation (CITT), organisme de formation, de certification et d\u2019expertise en logistique de la cha\u00eene d\u2019approvisionnement, ont organis\u00e9 le 5 novembre dernier une activit\u00e9 r\u00e9seautage suivant la Journ\u00e9e carri\u00e8res. Pr\u00e8s d\u2019une centaine de personnes sont venus \u00e9changer lors de cet \u00e9v\u00e9nement au cours duquel un prix fut remis [&hellip;]","protected":false},"author":39,"featured_media":7699,"comment_status":"open","ping_status":"open","sticky":false,"template":"","format":"standard","meta":{"_acf_changed":false,"footnotes":""},"categories":[20],"tags":[],"class_list":["post-7653","post","type-post","status-publish","format-standard","has-post-thumbnail","hentry","category-services-logistiques"],"acf":[],"yoast_head":"<!-- This site is optimized with the Yoast SEO plugin v27.3 - https:\/\/yoast.com\/product\/yoast-seo-wordpress\/ -->\n<title>Activit\u00e9 r\u00e9seautage - CargoM<\/title>\n<meta name=\"robots\" content=\"index, follow, max-snippet:-1, max-image-preview:large, max-video-preview:-1\" \/>\n<link rel=\"canonical\" href=\"https:\/\/www.cargo-montreal.ca\/fr\/activite-reseautage\/\" \/>\n<meta property=\"og:locale\" content=\"fr_FR\" \/>\n<meta property=\"og:type\" content=\"article\" \/>\n<meta property=\"og:title\" content=\"Activit\u00e9 r\u00e9seautage - CargoM\" \/>\n<meta property=\"og:description\" content=\"CargoM et le Canadian Institute of Traffic and Transportation (CITT), organisme de formation, de certification et d\u2019expertise en logistique de la cha\u00eene d\u2019approvisionnement, ont organis\u00e9 le 5 novembre dernier une activit\u00e9 r\u00e9seautage suivant la Journ\u00e9e carri\u00e8res. Pr\u00e8s d\u2019une centaine de personnes sont venus \u00e9changer lors de cet \u00e9v\u00e9nement au cours duquel un prix fut remis [&hellip;]\" \/>\n<meta property=\"og:url\" content=\"https:\/\/www.cargo-montreal.ca\/fr\/activite-reseautage\/\" \/>\n<meta property=\"og:site_name\" content=\"CargoM\" \/>\n<meta property=\"article:published_time\" content=\"2019-12-16T11:58:48+00:00\" \/>\n<meta property=\"article:modified_time\" content=\"2019-12-16T16:18:40+00:00\" \/>\n<meta property=\"og:image\" content=\"https:\/\/www.cargo-montreal.ca\/wp-content\/uploads\/2019\/12\/Prix-CITT-1024x576.jpg\" \/>\n\t<meta property=\"og:image:width\" content=\"1024\" \/>\n\t<meta property=\"og:image:height\" content=\"576\" \/>\n\t<meta property=\"og:image:type\" content=\"image\/jpeg\" \/>\n<meta name=\"author\" content=\"Karine Dudognon\" \/>\n<meta name=\"twitter:card\" content=\"summary_large_image\" \/>\n<meta name=\"twitter:label1\" content=\"\u00c9crit par\" \/>\n\t<meta name=\"twitter:data1\" content=\"Karine Dudognon\" \/>\n\t<meta name=\"twitter:label2\" content=\"Dur\u00e9e de lecture estim\u00e9e\" \/>\n\t<meta name=\"twitter:data2\" content=\"1 minute\" \/>\n<script type=\"application\/ld+json\" class=\"yoast-schema-graph\">{\"@context\":\"https:\\\/\\\/schema.org\",\"@graph\":[{\"@type\":\"Article\",\"@id\":\"https:\\\/\\\/www.cargo-montreal.ca\\\/fr\\\/activite-reseautage\\\/#article\",\"isPartOf\":{\"@id\":\"https:\\\/\\\/www.cargo-montreal.ca\\\/fr\\\/activite-reseautage\\\/\"},\"author\":{\"name\":\"Karine Dudognon\",\"@id\":\"https:\\\/\\\/www.cargo-montreal.ca\\\/fr\\\/#\\\/schema\\\/person\\\/80476d173ce654813db9fd1533901365\"},\"headline\":\"Activit\u00e9 r\u00e9seautage\",\"datePublished\":\"2019-12-16T11:58:48+00:00\",\"dateModified\":\"2019-12-16T16:18:40+00:00\",\"mainEntityOfPage\":{\"@id\":\"https:\\\/\\\/www.cargo-montreal.ca\\\/fr\\\/activite-reseautage\\\/\"},\"wordCount\":105,\"commentCount\":0,\"image\":{\"@id\":\"https:\\\/\\\/www.cargo-montreal.ca\\\/fr\\\/activite-reseautage\\\/#primaryimage\"},\"thumbnailUrl\":\"https:\\\/\\\/www.cargo-montreal.ca\\\/wp-content\\\/uploads\\\/2019\\\/12\\\/Prix-CITT.jpg\",\"articleSection\":[\"Services logistiques\"],\"inLanguage\":\"fr-FR\",\"potentialAction\":[{\"@type\":\"CommentAction\",\"name\":\"Comment\",\"target\":[\"https:\\\/\\\/www.cargo-montreal.ca\\\/fr\\\/activite-reseautage\\\/#respond\"]}]},{\"@type\":\"WebPage\",\"@id\":\"https:\\\/\\\/www.cargo-montreal.ca\\\/fr\\\/activite-reseautage\\\/\",\"url\":\"https:\\\/\\\/www.cargo-montreal.ca\\\/fr\\\/activite-reseautage\\\/\",\"name\":\"Activit\u00e9 r\u00e9seautage - CargoM\",\"isPartOf\":{\"@id\":\"https:\\\/\\\/www.cargo-montreal.ca\\\/fr\\\/#website\"},\"primaryImageOfPage\":{\"@id\":\"https:\\\/\\\/www.cargo-montreal.ca\\\/fr\\\/activite-reseautage\\\/#primaryimage\"},\"image\":{\"@id\":\"https:\\\/\\\/www.cargo-montreal.ca\\\/fr\\\/activite-reseautage\\\/#primaryimage\"},\"thumbnailUrl\":\"https:\\\/\\\/www.cargo-montreal.ca\\\/wp-content\\\/uploads\\\/2019\\\/12\\\/Prix-CITT.jpg\",\"datePublished\":\"2019-12-16T11:58:48+00:00\",\"dateModified\":\"2019-12-16T16:18:40+00:00\",\"author\":{\"@id\":\"https:\\\/\\\/www.cargo-montreal.ca\\\/fr\\\/#\\\/schema\\\/person\\\/80476d173ce654813db9fd1533901365\"},\"breadcrumb\":{\"@id\":\"https:\\\/\\\/www.cargo-montreal.ca\\\/fr\\\/activite-reseautage\\\/#breadcrumb\"},\"inLanguage\":\"fr-FR\",\"potentialAction\":[{\"@type\":\"ReadAction\",\"target\":[\"https:\\\/\\\/www.cargo-montreal.ca\\\/fr\\\/activite-reseautage\\\/\"]}]},{\"@type\":\"ImageObject\",\"inLanguage\":\"fr-FR\",\"@id\":\"https:\\\/\\\/www.cargo-montreal.ca\\\/fr\\\/activite-reseautage\\\/#primaryimage\",\"url\":\"https:\\\/\\\/www.cargo-montreal.ca\\\/wp-content\\\/uploads\\\/2019\\\/12\\\/Prix-CITT.jpg\",\"contentUrl\":\"https:\\\/\\\/www.cargo-montreal.ca\\\/wp-content\\\/uploads\\\/2019\\\/12\\\/Prix-CITT.jpg\",\"width\":5013,\"height\":2819},{\"@type\":\"BreadcrumbList\",\"@id\":\"https:\\\/\\\/www.cargo-montreal.ca\\\/fr\\\/activite-reseautage\\\/#breadcrumb\",\"itemListElement\":[{\"@type\":\"ListItem\",\"position\":1,\"name\":\"Home\",\"item\":\"https:\\\/\\\/www.cargo-montreal.ca\\\/fr\\\/\"},{\"@type\":\"ListItem\",\"position\":2,\"name\":\"Activit\u00e9 r\u00e9seautage\"}]},{\"@type\":\"WebSite\",\"@id\":\"https:\\\/\\\/www.cargo-montreal.ca\\\/fr\\\/#website\",\"url\":\"https:\\\/\\\/www.cargo-montreal.ca\\\/fr\\\/\",\"name\":\"CargoM\",\"description\":\"La mission de CargoM: Rassembler les acteurs de la logistique &amp; du transport de marchandises du Grand Montr\u00e9al autour d&#039;objectifs communs, d&#039;actions concert\u00e9es\",\"potentialAction\":[{\"@type\":\"SearchAction\",\"target\":{\"@type\":\"EntryPoint\",\"urlTemplate\":\"https:\\\/\\\/www.cargo-montreal.ca\\\/fr\\\/?s={search_term_string}\"},\"query-input\":{\"@type\":\"PropertyValueSpecification\",\"valueRequired\":true,\"valueName\":\"search_term_string\"}}],\"inLanguage\":\"fr-FR\"},{\"@type\":\"Person\",\"@id\":\"https:\\\/\\\/www.cargo-montreal.ca\\\/fr\\\/#\\\/schema\\\/person\\\/80476d173ce654813db9fd1533901365\",\"name\":\"Karine Dudognon\",\"image\":{\"@type\":\"ImageObject\",\"inLanguage\":\"fr-FR\",\"@id\":\"https:\\\/\\\/secure.gravatar.com\\\/avatar\\\/673bdfb703a9b6685a88bc7dfb04a9ea2b48b30e9d1663a5e759a4e9bfa3e2c0?s=96&d=mm&r=g\",\"url\":\"https:\\\/\\\/secure.gravatar.com\\\/avatar\\\/673bdfb703a9b6685a88bc7dfb04a9ea2b48b30e9d1663a5e759a4e9bfa3e2c0?s=96&d=mm&r=g\",\"contentUrl\":\"https:\\\/\\\/secure.gravatar.com\\\/avatar\\\/673bdfb703a9b6685a88bc7dfb04a9ea2b48b30e9d1663a5e759a4e9bfa3e2c0?s=96&d=mm&r=g\",\"caption\":\"Karine Dudognon\"},\"url\":\"https:\\\/\\\/www.cargo-montreal.ca\\\/fr\\\/author\\\/karine\\\/\"}]}<\/script>\n<!-- \/ Yoast SEO plugin. -->","yoast_head_json":{"title":"Activit\u00e9 r\u00e9seautage - CargoM","robots":{"index":"index","follow":"follow","max-snippet":"max-snippet:-1","max-image-preview":"max-image-preview:large","max-video-preview":"max-video-preview:-1"},"canonical":"https:\/\/www.cargo-montreal.ca\/fr\/activite-reseautage\/","og_locale":"fr_FR","og_type":"article","og_title":"Activit\u00e9 r\u00e9seautage - CargoM","og_description":"CargoM et le Canadian Institute of Traffic and Transportation (CITT), organisme de formation, de certification et d\u2019expertise en logistique de la cha\u00eene d\u2019approvisionnement, ont organis\u00e9 le 5 novembre dernier une activit\u00e9 r\u00e9seautage suivant la Journ\u00e9e carri\u00e8res. Pr\u00e8s d\u2019une centaine de personnes sont venus \u00e9changer lors de cet \u00e9v\u00e9nement au cours duquel un prix fut remis [&hellip;]","og_url":"https:\/\/www.cargo-montreal.ca\/fr\/activite-reseautage\/","og_site_name":"CargoM","article_published_time":"2019-12-16T11:58:48+00:00","article_modified_time":"2019-12-16T16:18:40+00:00","og_image":[{"width":1024,"height":576,"url":"https:\/\/www.cargo-montreal.ca\/wp-content\/uploads\/2019\/12\/Prix-CITT-1024x576.jpg","type":"image\/jpeg"}],"author":"Karine Dudognon","twitter_card":"summary_large_image","twitter_misc":{"\u00c9crit par":"Karine Dudognon","Dur\u00e9e de lecture estim\u00e9e":"1 minute"},"schema":{"@context":"https:\/\/schema.org","@graph":[{"@type":"Article","@id":"https:\/\/www.cargo-montreal.ca\/fr\/activite-reseautage\/#article","isPartOf":{"@id":"https:\/\/www.cargo-montreal.ca\/fr\/activite-reseautage\/"},"author":{"name":"Karine Dudognon","@id":"https:\/\/www.cargo-montreal.ca\/fr\/#\/schema\/person\/80476d173ce654813db9fd1533901365"},"headline":"Activit\u00e9 r\u00e9seautage","datePublished":"2019-12-16T11:58:48+00:00","dateModified":"2019-12-16T16:18:40+00:00","mainEntityOfPage":{"@id":"https:\/\/www.cargo-montreal.ca\/fr\/activite-reseautage\/"},"wordCount":105,"commentCount":0,"image":{"@id":"https:\/\/www.cargo-montreal.ca\/fr\/activite-reseautage\/#primaryimage"},"thumbnailUrl":"https:\/\/www.cargo-montreal.ca\/wp-content\/uploads\/2019\/12\/Prix-CITT.jpg","articleSection":["Services logistiques"],"inLanguage":"fr-FR","potentialAction":[{"@type":"CommentAction","name":"Comment","target":["https:\/\/www.cargo-montreal.ca\/fr\/activite-reseautage\/#respond"]}]},{"@type":"WebPage","@id":"https:\/\/www.cargo-montreal.ca\/fr\/activite-reseautage\/","url":"https:\/\/www.cargo-montreal.ca\/fr\/activite-reseautage\/","name":"Activit\u00e9 r\u00e9seautage - CargoM","isPartOf":{"@id":"https:\/\/www.cargo-montreal.ca\/fr\/#website"},"primaryImageOfPage":{"@id":"https:\/\/www.cargo-montreal.ca\/fr\/activite-reseautage\/#primaryimage"},"image":{"@id":"https:\/\/www.cargo-montreal.ca\/fr\/activite-reseautage\/#primaryimage"},"thumbnailUrl":"https:\/\/www.cargo-montreal.ca\/wp-content\/uploads\/2019\/12\/Prix-CITT.jpg","datePublished":"2019-12-16T11:58:48+00:00","dateModified":"2019-12-16T16:18:40+00:00","author":{"@id":"https:\/\/www.cargo-montreal.ca\/fr\/#\/schema\/person\/80476d173ce654813db9fd1533901365"},"breadcrumb":{"@id":"https:\/\/www.cargo-montreal.ca\/fr\/activite-reseautage\/#breadcrumb"},"inLanguage":"fr-FR","potentialAction":[{"@type":"ReadAction","target":["https:\/\/www.cargo-montreal.ca\/fr\/activite-reseautage\/"]}]},{"@type":"ImageObject","inLanguage":"fr-FR","@id":"https:\/\/www.cargo-montreal.ca\/fr\/activite-reseautage\/#primaryimage","url":"https:\/\/www.cargo-montreal.ca\/wp-content\/uploads\/2019\/12\/Prix-CITT.jpg","contentUrl":"https:\/\/www.cargo-montreal.ca\/wp-content\/uploads\/2019\/12\/Prix-CITT.jpg","width":5013,"height":2819},{"@type":"BreadcrumbList","@id":"https:\/\/www.cargo-montreal.ca\/fr\/activite-reseautage\/#breadcrumb","itemListElement":[{"@type":"ListItem","position":1,"name":"Home","item":"https:\/\/www.cargo-montreal.ca\/fr\/"},{"@type":"ListItem","position":2,"name":"Activit\u00e9 r\u00e9seautage"}]},{"@type":"WebSite","@id":"https:\/\/www.cargo-montreal.ca\/fr\/#website","url":"https:\/\/www.cargo-montreal.ca\/fr\/","name":"CargoM","description":"La mission de CargoM: Rassembler les acteurs de la logistique &amp; du transport de marchandises du Grand Montr\u00e9al autour d&#039;objectifs communs, d&#039;actions concert\u00e9es","potentialAction":[{"@type":"SearchAction","target":{"@type":"EntryPoint","urlTemplate":"https:\/\/www.cargo-montreal.ca\/fr\/?s={search_term_string}"},"query-input":{"@type":"PropertyValueSpecification","valueRequired":true,"valueName":"search_term_string"}}],"inLanguage":"fr-FR"},{"@type":"Person","@id":"https:\/\/www.cargo-montreal.ca\/fr\/#\/schema\/person\/80476d173ce654813db9fd1533901365","name":"Karine Dudognon","image":{"@type":"ImageObject","inLanguage":"fr-FR","@id":"https:\/\/secure.gravatar.com\/avatar\/673bdfb703a9b6685a88bc7dfb04a9ea2b48b30e9d1663a5e759a4e9bfa3e2c0?s=96&d=mm&r=g","url":"https:\/\/secure.gravatar.com\/avatar\/673bdfb703a9b6685a88bc7dfb04a9ea2b48b30e9d1663a5e759a4e9bfa3e2c0?s=96&d=mm&r=g","contentUrl":"https:\/\/secure.gravatar.com\/avatar\/673bdfb703a9b6685a88bc7dfb04a9ea2b48b30e9d1663a5e759a4e9bfa3e2c0?s=96&d=mm&r=g","caption":"Karine Dudognon"},"url":"https:\/\/www.cargo-montreal.ca\/fr\/author\/karine\/"}]}},"_links":{"self":[{"href":"https:\/\/www.cargo-montreal.ca\/fr\/wp-json\/wp\/v2\/posts\/7653","targetHints":{"allow":["GET"]}}],"collection":[{"href":"https:\/\/www.cargo-montreal.ca\/fr\/wp-json\/wp\/v2\/posts"}],"about":[{"href":"https:\/\/www.cargo-montreal.ca\/fr\/wp-json\/wp\/v2\/types\/post"}],"author":[{"embeddable":true,"href":"https:\/\/www.cargo-montreal.ca\/fr\/wp-json\/wp\/v2\/users\/39"}],"replies":[{"embeddable":true,"href":"https:\/\/www.cargo-montreal.ca\/fr\/wp-json\/wp\/v2\/comments?post=7653"}],"version-history":[{"count":3,"href":"https:\/\/www.cargo-montreal.ca\/fr\/wp-json\/wp\/v2\/posts\/7653\/revisions"}],"predecessor-version":[{"id":7656,"href":"https:\/\/www.cargo-montreal.ca\/fr\/wp-json\/wp\/v2\/posts\/7653\/revisions\/7656"}],"wp:featuredmedia":[{"embeddable":true,"href":"https:\/\/www.cargo-montreal.ca\/fr\/wp-json\/wp\/v2\/media\/7699"}],"wp:attachment":[{"href":"https:\/\/www.cargo-montreal.ca\/fr\/wp-json\/wp\/v2\/media?parent=7653"}],"wp:term":[{"taxonomy":"category","embeddable":true,"href":"https:\/\/www.cargo-montreal.ca\/fr\/wp-json\/wp\/v2\/categories?post=7653"},{"taxonomy":"post_tag","embeddable":true,"href":"https:\/\/www.cargo-montreal.ca\/fr\/wp-json\/wp\/v2\/tags?post=7653"}],"curies":[{"name":"wp","href":"https:\/\/api.w.org\/{rel}","templated":true}]}}