{"id":8013,"date":"2020-05-22T15:22:13","date_gmt":"2020-05-22T15:22:13","guid":{"rendered":"https:\/\/www.cargo-montreal.ca\/?p=8013"},"modified":"2020-06-02T14:57:36","modified_gmt":"2020-06-02T14:57:36","slug":"4e-edition-22-mai-2020","status":"publish","type":"post","link":"https:\/\/www.cargo-montreal.ca\/fr\/4e-edition-22-mai-2020\/","title":{"rendered":"4e \u00e9dition &#8211; 22 mai 2020"},"content":{"rendered":"<h2><strong><u>Communications sp\u00e9ciales CargoM \u2013 COVID-19 4<sup>e<\/sup> \u00e9dition<\/u><\/strong><\/h2>\r\n<p style=\"text-align: justify;\">CargoM vous informe, depuis le d\u00e9but de la pand\u00e9mie, sur l\u2019\u00e9volution de la situation par l\u2019entremise de communications sp\u00e9ciales. Nous travaillons en \u00e9troite collaboration avec nos membres, les instances gouvernementales et nos partenaires afin de maintenir renseign\u00e9s les acteurs de la cha\u00eene logistique du Grand Montr\u00e9al.<\/p>\r\nVous trouverez, dans cette 4e \u00e9dition, les derni\u00e8res nouvelles concernant le secteur de la logistique et du transport de marchandises. Pour consulter les \u00e9ditions pr\u00e9c\u00e9dentes, cliquez <a href=\"https:\/\/www.cargo-montreal.ca\/fr\/infolettre\/communications-speciales-cargom-covid-19\/\">ici<\/a>.\r\n<h2 style=\"text-align: center;\"><strong><u>Reprise des activit\u00e9s \u00e9conomiques<\/u><\/strong><\/h2>\r\n<a href=\"https:\/\/www.cargo-montreal.ca\/wp-content\/uploads\/2020\/05\/Transport-a\u00e9rien.jpg\"><img loading=\"lazy\" decoding=\"async\" class=\"size-medium wp-image-8014 aligncenter\" src=\"https:\/\/www.cargo-montreal.ca\/wp-content\/uploads\/2020\/05\/Transport-a\u00e9rien-300x169.jpg\" alt=\"\" width=\"300\" height=\"169\" srcset=\"https:\/\/www.cargo-montreal.ca\/wp-content\/uploads\/2020\/05\/Transport-a\u00e9rien-300x169.jpg 300w, https:\/\/www.cargo-montreal.ca\/wp-content\/uploads\/2020\/05\/Transport-a\u00e9rien-768x432.jpg 768w, https:\/\/www.cargo-montreal.ca\/wp-content\/uploads\/2020\/05\/Transport-a\u00e9rien-1024x576.jpg 1024w\" sizes=\"auto, (max-width: 300px) 100vw, 300px\" \/><\/a>\r\n<p style=\"text-align: justify;\">Le gouvernement a annonc\u00e9 que divers secteurs et entreprises pourront reprendre leurs activit\u00e9s de fa\u00e7on progressive.<\/p>\r\n<p style=\"text-align: justify;\">D\u00e8s le 25 mai, les commerces de d\u00e9tail de la Communaut\u00e9 m\u00e9tropolitaine de Montr\u00e9al ayant un acc\u00e8s direct \u00e0 l\u2019ext\u00e9rieur habituellement utilis\u00e9 par la client\u00e8le pourront reprendre leurs activit\u00e9s. Les entreprises de la cha\u00eene d\u2019approvisionnement de ces commerces pourront reprendre \u00e0 la m\u00eame date. Au m\u00eame moment, les entreprises manufacturi\u00e8res de toutes les r\u00e9gions du Qu\u00e9bec seront autoris\u00e9es \u00e0 reprendre leurs activit\u00e9s sans aucune restriction quant au nombre d\u2019employ\u00e9s pr\u00e9sents pour assurer leur fonctionnement. Tous les employ\u00e9s qui peuvent t\u00e9l\u00e9travailler devront continuer \u00e0 le faire.<\/p>\r\n<p style=\"text-align: justify;\"><strong>En tout temps, il sera essentiel que la population continue de respecter les consignes sanitaires, afin de limiter les risques associ\u00e9s \u00e0 la propagation du virus.<\/strong><\/p>\r\n<p style=\"text-align: justify;\">Pour en savoir plus\u00a0: <a href=\"https:\/\/www.quebec.ca\/sante\/problemes-de-sante\/a-z\/coronavirus-2019\/reprise-graduelle-activites-mesures-ralentissement-covid19\/#c57355\">Reprise graduelle des activit\u00e9s en lien avec les mesures de ralentissement de la COVID-19<\/a>.<\/p>\r\n<p style=\"text-align: justify;\">Notez que la liste des services prioritaires de transport et logistique est mise \u00e0 jour quotidiennement sur la page suivante : <a href=\"https:\/\/www.quebec.ca\/sante\/problemes-de-sante\/a-z\/coronavirus-2019\/fermeture-endroits-publics-commerces-services-covid19\/#c48428\">Services prioritaires de transport et logistique<\/a>.<\/p>\r\n\r\n<h2 style=\"text-align: center;\"><strong><u>Inventaire des espaces d\u2019entreposage<\/u><\/strong><\/h2>\r\n<p style=\"text-align: center;\"><a href=\"https:\/\/www.cargo-montreal.ca\/wp-content\/uploads\/2020\/04\/Entrepos.jpg.png\"><img loading=\"lazy\" decoding=\"async\" class=\"alignnone size-medium wp-image-7930\" src=\"https:\/\/www.cargo-montreal.ca\/wp-content\/uploads\/2020\/04\/Entrepos.jpg-300x99.png\" alt=\"\" width=\"300\" height=\"99\" srcset=\"https:\/\/www.cargo-montreal.ca\/wp-content\/uploads\/2020\/04\/Entrepos.jpg-300x99.png 300w, https:\/\/www.cargo-montreal.ca\/wp-content\/uploads\/2020\/04\/Entrepos.jpg-768x254.png 768w, https:\/\/www.cargo-montreal.ca\/wp-content\/uploads\/2020\/04\/Entrepos.jpg-1024x339.png 1024w, https:\/\/www.cargo-montreal.ca\/wp-content\/uploads\/2020\/04\/Entrepos.jpg.png 1699w\" sizes=\"auto, (max-width: 300px) 100vw, 300px\" \/><\/a><\/p>\r\n<p style=\"text-align: justify;\">CargoM continue de recenser espaces d&rsquo;entreposage int\u00e9rieurs et ext\u00e9rieurs pr\u00e9sentement disponibles dans la grande r\u00e9gion de Montr\u00e9al et dans ses environs. Nous remercions toutes les entreprises du secteur du transport et de la logistique ayant r\u00e9pondu \u00e0 notre appel.<\/p>\r\n<p style=\"text-align: justify;\"><strong>Nous nous avons inventori\u00e9 plus de 1,6 M pi2 d&rsquo;espace int\u00e9rieur et plus de 17,5 M pi2 d&rsquo;espace ext\u00e9rieur dans le Grand Montr\u00e9al et ailleurs.<\/strong> Pour conna\u00eetre les espaces disponibles, merci de contacter <a href=\"mailto:lnelis@cargo-montreal.ca\">lnelis@cargo-montreal.ca<\/a>.<\/p>\r\n<p style=\"text-align: justify;\">Si vous avez de l&rsquo;espace d&rsquo;entreposage int\u00e9rieur et ext\u00e9rieur, merci de nous faire parvenir l&rsquo;information via le lien suivant : <a href=\"https:\/\/www.cargo-montreal.ca\/fr\/covid19-message-important\/\">Covid-19 \u2013 Message important aux membres et partenaires de CargoM<\/a> ou par courriel \u00e0 <a href=\"mailto:lnelis@cargo-montreal.ca\">lnelis@cargo-montreal.ca<\/a><\/p>\r\n\r\n<h2 style=\"text-align: center;\"><strong><u>Sondage d\u2019\u00e9valuation de l&rsquo;impact de la COVID-19<\/u><\/strong><\/h2>\r\n<p style=\"text-align: center;\"><a href=\"https:\/\/www.cargo-montreal.ca\/wp-content\/uploads\/2019\/12\/Logo-IILQ-RVB-Couleurs.jpg\"><img loading=\"lazy\" decoding=\"async\" class=\"alignnone size-medium wp-image-7690\" src=\"https:\/\/www.cargo-montreal.ca\/wp-content\/uploads\/2019\/12\/Logo-IILQ-RVB-Couleurs-300x169.jpg\" alt=\"\" width=\"300\" height=\"169\" srcset=\"https:\/\/www.cargo-montreal.ca\/wp-content\/uploads\/2019\/12\/Logo-IILQ-RVB-Couleurs-300x169.jpg 300w, https:\/\/www.cargo-montreal.ca\/wp-content\/uploads\/2019\/12\/Logo-IILQ-RVB-Couleurs.jpg 552w\" sizes=\"auto, (max-width: 300px) 100vw, 300px\" \/><\/a><\/p>\r\n<p style=\"text-align: justify;\">L\u2019Institut d&rsquo;Innovation en Logistique du Qu\u00e9bec (IILQ) a con\u00e7u un questionnaire afin d\u2019\u00e9valuer l\u2019impact de la pand\u00e9mie sur les activit\u00e9s logistiques des entreprises qu\u00e9b\u00e9coises. Il servira \u00e0 faire le portrait de la situation actuelle dans le but d\u2019identifier les besoins en aide technique,\u00a0en recherche appliqu\u00e9e et en formation en lien avec la cha\u00eene logistique et d\u2019accompagner les entreprises dans cette p\u00e9riode de crise. La date limite pour r\u00e9pondre au sondage est le 29 mai.<\/p>\r\n<a href=\"https:\/\/fr.surveymonkey.com\/r\/ZNQTTK9\">R\u00e9pondre au sondage<\/a>\r\n<h2 style=\"text-align: center;\"><strong><u>\u00c9v\u00e9nements \u00e0 venir<\/u><\/strong><\/h2>\r\n<p style=\"text-align: center;\"><strong>25 mai 2020 \u2013 Free Trade with Europe: what\u2019s in it for us<\/strong><\/p>\r\n<p style=\"text-align: justify;\">Notre accord de libre-\u00e9change avec l&rsquo;Union europ\u00e9enne (l&rsquo;Accord \u00e9conomique et commercial global ou AECG) offre aux exportateurs canadiens une excellente occasion de diversifier leurs march\u00e9s et de r\u00e9duire notre d\u00e9pendance \u00e0 l&rsquo;\u00e9gard des \u00c9tats-Unis. Ce s\u00e9minaire expliquera le contenu de cet accord commercial majeur et ce qu&rsquo;il signifie pour les entreprises canadiennes, comment en b\u00e9n\u00e9ficier, en mettant l&rsquo;accent sur le commerce des marchandises.<\/p>\r\n<p style=\"text-align: justify;\">L\u2019\u00e9v\u00e9nement est organis\u00e9 par Investir Ottawa. Pour vous inscrire, cliquez <a href=\"https:\/\/www.investottawa.ca\/event\/webinar-free-trade-with-europe-whats-in-it-for-us\/\">ici<\/a>.<\/p>\r\n\r\n\r\n<hr \/>\r\n<p style=\"text-align: center;\"><strong>27 mai 2020 \u2013 D\u00e9couvrez les enjeux actuels du transport maritime et a\u00e9rien<\/strong><\/p>\r\n<p style=\"text-align: justify;\">Participez \u00e0 ce webinaire, le 27 mai \u00e0 10 h, pour r\u00e9colter de l&rsquo;information et poser toutes vos questions \u00e0 nos experts sur l\u2019impact de la COVID-19 sur le transport maritime et a\u00e9rien de vos marchandises.<\/p>\r\n<p style=\"text-align: justify;\">L&rsquo;\u00e9v\u00e9nement est organis\u00e9 par la Chambre de commerce du Montr\u00e9al m\u00e9tropolitain (CCMM). Pour vous inscrire, cliquez <a href=\"https:\/\/us02web.zoom.us\/webinar\/register\/2115899039196\/WN_aq1t5B2FRWC6vfx8Ob-EUQ\" data-cke-saved-href=\"https:\/\/us02web.zoom.us\/webinar\/register\/2115899039196\/WN_aq1t5B2FRWC6vfx8Ob-EUQ\">ici<\/a>.<\/p>\r\n\r\n\r\n<hr \/>\r\n<p style=\"text-align: center;\"><a href=\"https:\/\/www.cargo-montreal.ca\/wp-content\/uploads\/2020\/05\/LOGO_CentreZF_2PMS_fr-1.jpg\"><img loading=\"lazy\" decoding=\"async\" class=\"alignnone size-medium wp-image-7969\" src=\"https:\/\/www.cargo-montreal.ca\/wp-content\/uploads\/2020\/05\/LOGO_CentreZF_2PMS_fr-1-300x163.jpg\" alt=\"\" width=\"300\" height=\"163\" srcset=\"https:\/\/www.cargo-montreal.ca\/wp-content\/uploads\/2020\/05\/LOGO_CentreZF_2PMS_fr-1-300x163.jpg 300w, https:\/\/www.cargo-montreal.ca\/wp-content\/uploads\/2020\/05\/LOGO_CentreZF_2PMS_fr-1-768x417.jpg 768w, https:\/\/www.cargo-montreal.ca\/wp-content\/uploads\/2020\/05\/LOGO_CentreZF_2PMS_fr-1-1024x555.jpg 1024w\" sizes=\"auto, (max-width: 300px) 100vw, 300px\" \/><\/a><\/p>\r\n<p style=\"text-align: center;\"><strong>3 juin 2020 <\/strong>\u2013<strong> Tirer profit des programmes canadiens de type zone franche<\/strong><\/p>\r\n<p style=\"text-align: justify;\">Le gouvernement f\u00e9d\u00e9ral dispose des programmes qui permettent aux entreprises importatrices et exportatrices de d\u00e9gager des liquidit\u00e9s en b\u00e9n\u00e9ficiant des exemptions des taxes et des droits de douane. Christian Kamudimba, coordonnateur du Centre zone franche au sein de CargoM, pr\u00e9sentera les possibilit\u00e9s qu\u2019offrent ces programmes pour les flux de tr\u00e9sorerie de votre entreprise.<\/p>\r\n<p style=\"text-align: justify;\">L\u2019\u00e9v\u00e9nement est organis\u00e9 par la Chambre de commerce du Montr\u00e9al m\u00e9tropolitain (CCMM), pour vous inscrire, cliquez <a href=\"https:\/\/us02web.zoom.us\/webinar\/register\/1615900746092\/WN_q-rdcEcmRVqnzmLX2k93yw\">ici<\/a>.<\/p>\r\n\r\n\r\n<hr \/>\r\n<p style=\"text-align: justify;\"><a href=\"https:\/\/www.cargo-montreal.ca\/wp-content\/uploads\/2020\/05\/Fille-et-ordipluspetite.jpg\"><img loading=\"lazy\" decoding=\"async\" class=\"wp-image-8016 aligncenter\" src=\"https:\/\/www.cargo-montreal.ca\/wp-content\/uploads\/2020\/05\/Fille-et-ordipluspetite-300x288.jpg\" alt=\"\" width=\"218\" height=\"209\" srcset=\"https:\/\/www.cargo-montreal.ca\/wp-content\/uploads\/2020\/05\/Fille-et-ordipluspetite-300x288.jpg 300w, https:\/\/www.cargo-montreal.ca\/wp-content\/uploads\/2020\/05\/Fille-et-ordipluspetite-768x737.jpg 768w, https:\/\/www.cargo-montreal.ca\/wp-content\/uploads\/2020\/05\/Fille-et-ordipluspetite.jpg 800w\" sizes=\"auto, (max-width: 218px) 100vw, 218px\" \/><\/a><\/p>\r\n<p style=\"text-align: center;\"><strong>9 juin 2020 <\/strong>\u2013<strong> Assembl\u00e9e g\u00e9n\u00e9rale annuelle de CargoM<\/strong><\/p>\r\nCargoM convie ses membres et partenaires le 9 juin prochain \u00e0 son assembl\u00e9e g\u00e9n\u00e9rale annuelle. Nous vous pr\u00e9senterons notre bilan pour l\u2019ann\u00e9e 2019 et nos actions pour la prochaine ann\u00e9e. Soyez virtuellement des n\u00f4tres d\u00e8s 15 h 30 par Zoom-conf\u00e9rence.\r\n\r\nPour vous inscrire,\u00a0cliquez <a href=\"https:\/\/docs.google.com\/forms\/d\/e\/1FAIpQLSe3pjsT1X8dzZnjd4TxZy0nl25aUorDlMa2CP1Z1xm3p68_1A\/viewform\">ici<\/a>.\r\n\r\n<hr \/>\r\n\r\n<h2 style=\"text-align: center;\"><strong><u>Soutien \u00e0 la main-d\u2019oeuvre<\/u><\/strong><\/h2>\r\n<p style=\"text-align: center;\"><a href=\"https:\/\/www.cargo-montreal.ca\/wp-content\/uploads\/2020\/05\/Entrepothommes.jpg\"><img loading=\"lazy\" decoding=\"async\" class=\"alignnone size-medium wp-image-8017\" src=\"https:\/\/www.cargo-montreal.ca\/wp-content\/uploads\/2020\/05\/Entrepothommes-300x100.jpg\" alt=\"\" width=\"300\" height=\"100\" srcset=\"https:\/\/www.cargo-montreal.ca\/wp-content\/uploads\/2020\/05\/Entrepothommes-300x100.jpg 300w, https:\/\/www.cargo-montreal.ca\/wp-content\/uploads\/2020\/05\/Entrepothommes-768x257.jpg 768w, https:\/\/www.cargo-montreal.ca\/wp-content\/uploads\/2020\/05\/Entrepothommes-1024x343.jpg 1024w\" sizes=\"auto, (max-width: 300px) 100vw, 300px\" \/><\/a><\/p>\r\n<p style=\"text-align: justify;\">Les activit\u00e9s du chantier 4 \u2013 Main-d\u2019\u0153uvre de CargoM se poursuivent. N\u2019h\u00e9sitez pas \u00e0 nous faire part de vos id\u00e9es, suggestions ou propositions en ce qui a trait \u00e0 la main-d\u2019\u0153uvre.<\/p>\r\n<p style=\"text-align: justify;\">Par ailleurs, si vous avez besoin de main-d\u2019\u0153uvre suppl\u00e9mentaire pour soutenir vos activit\u00e9s de transport et de logistique ou s\u2019il vous est possible de r\u00e9affecter certains de vos employ\u00e9s, n\u2019h\u00e9sitez pas \u00e0 contacter Yves Murray \u00e0 l\u2019adresse suivante : ymurray@cargo-montreal.ca ou encore remplissez le <a href=\"https:\/\/www.cargo-montreal.ca\/fr\/covid19-message-important\/\">formulaire en ligne<\/a>.<\/p>\r\n<p style=\"text-align: justify;\">Les membres de CargoM peuvent afficher leurs offres d\u2019emploi sur la page <a href=\"https:\/\/www.cargo-montreal.ca\/fr\/emplois-cargom\/\">Emplois<\/a> de notre site Internet. Merci de les faire parvenir en fichier PDF \u00e0 Mme Oc\u00e9ane Dinant \u00e0 l\u2019adresse suivante\u00a0: <a href=\"mailto:odinant@cargo-montreal.ca\">odinant@cargo-montreal.ca<\/a>.<\/p>\r\n<p style=\"text-align: justify;\">Les initiatives suivantes du gouvernement du Qu\u00e9bec peuvent soutenir les entreprises dans leurs besoins de main-d\u2019\u0153uvre et de formation<\/p>\r\n<p style=\"text-align: justify;\">Plateforme de <strong>placement en ligne <\/strong>d\u00e9di\u00e9e aux <a href=\"https:\/\/www.quebec.ca\/sante\/problemes-de-sante\/a-z\/coronavirus-2019\/fermeture-endroits-publics-commerces-services-covid19\/#c48429\">services et aux activit\u00e9s prioritaires<\/a>. Pour annoncer des postes, cliquez sur ce lien\u00a0: <a href=\"https:\/\/www.quebec.ca\/emploi\/offres-d-emploi\/besoins-urgents-covid-19\/\">Besoins urgents de main-d\u2019\u0153uvre dans le contexte de la COVID-19<\/a>.<\/p>\r\n\r\n\r\n<hr \/>\r\n<p style=\"text-align: center;\"><strong>Initiatives d\u2019aide \u00e0 l\u2019emploi du gouvernement Qu\u00e9bec<\/strong><\/p>\r\n<p style=\"text-align: justify;\">Le minist\u00e8re du Travail, de l\u2019Emploi et de la Solidarit\u00e9 sociale a lanc\u00e9 une <strong>plateforme de placement en ligne<\/strong> d\u00e9di\u00e9e aux <a href=\"https:\/\/www.quebec.ca\/sante\/problemes-de-sante\/a-z\/coronavirus-2019\/fermeture-endroits-publics-commerces-services-covid19\/#c48429\">services et aux activit\u00e9s prioritaires<\/a> qui sont aux prises avec des besoins urgents en mati\u00e8re de main-d\u2019\u0153uvre. Pour annoncer vos postes, cliquez sur ce lien\u00a0: <a href=\"https:\/\/www.quebec.ca\/emploi\/offres-d-emploi\/besoins-urgents-covid-19\/\">Besoins urgents de main-d\u2019\u0153uvre dans le contexte de la COVID-19<\/a>.<\/p>\r\n<p style=\"text-align: justify;\"><strong>Le Programme actions concert\u00e9es pour le maintien en emploi PACME\u2013COVID-19<\/strong> offre un soutien financier direct pour favoriser la formation et l\u2019implantation de bonnes pratiques en gestion des ressources humaines. Pour en savoir plus sur le programme, cliquez <a href=\"https:\/\/www.quebec.ca\/entreprises-et-travailleurs-autonomes\/programme-actions-concertees-pour-le-maintien-en-emploi-pacme-covid-19\/\">ici<\/a>.<\/p>\r\n\r\n\r\n<hr \/>\r\n<p style=\"text-align: center;\"><strong>Formations<\/strong><\/p>\r\n<p style=\"text-align: justify;\">Des membres de CargoM, d\u00e9di\u00e9s \u00e0 l&rsquo;enseignement, peuvent vous soutenir dans vos besoins en formation. Consultez les sites Internet suivants pour en apprendre plus.<\/p>\r\n<strong>C\u00e9gep Andr\u00e9-Laurendeau\u00a0:<\/strong>\u00a0<a href=\"https:\/\/www.claurendeau.qc.ca\/service-aux-entreprises\/pacme-formation-actions-concertees-pour-le-maintien-en-emploi\/\">Nos formations rembours\u00e9es par le PACME<\/a>\r\n\r\n<strong>HEC Montr\u00e9al, \u00c9cole des dirigeants\u00a0<\/strong>:\u00a0<a href=\"https:\/\/www.hec.ca\/ecole-des-dirigeants\/formations\/webinaires-capsules-web\/index.html?utm_source=Infolettre&amp;utm_medium=CargoM&amp;utm_campaign=mai2020\">Apprentissage en ligne<\/a>\r\n\r\n<hr \/>\r\n\r\n<h2 style=\"text-align: center;\"><strong><u>Aide aux entreprises<\/u><\/strong><\/h2>\r\nPour obtenir des informations sur l\u2019aide offerte aux entreprises, nous vous invitions \u00e0 consulter les sites Internet suivants.\r\n\r\n<strong>Programmes de financement et mesures fiscales<\/strong>\r\n\r\nGouvernement du Canada\u00a0: <a href=\"https:\/\/www.canada.ca\/fr\/ministere-finances\/nouvelles\/2020\/03\/soutien-supplementaire-aux-entreprises-canadiennes-pour-faire-face-aux-repercussions-economiques-de-la-covid19.html#_Report_des_versements\">Report des versements de la taxe de vente et des droits de douane<\/a>\r\n\r\nGouvernement du Canada\u00a0: <a href=\"https:\/\/nrc.canada.ca\/fr\/soutien-linnovation-technologique\/programme-daide-linnovation-pai-pari-cnrc?utm_campaign=IRAP_funding_program&amp;utm_medium=link_to_program_page_f&amp;utm_source=home_page_f\">Le Programme d&rsquo;aide \u00e0 l&rsquo;innovation (PAI) du PARI CNRC<\/a>\r\n\r\nMinist\u00e8re de l\u2019\u00c9conomie et de l\u2019Innovation : <a href=\"https:\/\/www.quebec.ca\/sante\/problemes-de-sante\/a-z\/coronavirus-2019\/#c47761\">Programmes d\u2019aide gouvernementaux<\/a>\r\n\r\nCommunaut\u00e9 m\u00e9tropolitaine de Montr\u00e9al (CMM) : <a href=\"https:\/\/cmm.qc.ca\/nouvelles\/comment-passer-a-travers-la-crise-et-mieux-rebondir\/\">Comment passer \u00e0 travers la crise et mieux rebondir<\/a>\r\n\r\nChambre de commerce du Montr\u00e9al m\u00e9tropolitain (CCMM) : Acc\u00e9dez \u00e0 des ressources utiles pour vous aider \u00e0 naviguer \u00e0 travers la crise de la COVID-19 au sein de votre organisation &#8211; <a href=\"https:\/\/www.ccmm.ca\/fr\/interventions\/covid-19\/boite-a-outils\/\">Bo\u00eete \u00e0 outils<\/a>\r\n\r\nPME MTL : <a href=\"https:\/\/pmemtl.com\/a-propos\/actualites\/nouveau-service-en-logistique-du-commerce-electronique\">Nouveau service en logistique du commerce \u00e9lectronique<\/a>\r\n\r\n<strong>Sant\u00e9 et s\u00e9curit\u00e9 au travail<\/strong>\r\n\r\nCommission des normes, de l&rsquo;\u00e9quit\u00e9, de la sant\u00e9 et de la s\u00e9curit\u00e9 du travail (CNESST)\u00a0: <a href=\"https:\/\/www.cnesst.gouv.qc.ca\/salle-de-presse\/covid-19\/Pages\/trousse.aspx\">Nouvelle trousse COVID-19<\/a>\r\n\r\nInstitut de recherche Robert-Sauv\u00e9 en sant\u00e9 et en s\u00e9curit\u00e9 au travail (IRSST)\u00a0: <a href=\"https:\/\/www.irsst.qc.ca\/covid-19\/avis-irsst\/id\/2659\/aide-a-la-planification-de-la-reprise-des-activites-dans-les-pme-quebecoises\">Avis, recommandations et outils de l&rsquo;IRSST concernant la COVID-19<\/a>\r\n\r\nTransports Canada\u00a0: <a href=\"https:\/\/www.tc.gc.ca\/fr\/initiatives\/covid-19-mesures-mises-a-jour-lignes-directrices-tc.html\">Mesures, mises \u00e0 jour et lignes directrices li\u00e9es \u00e0 la COVID-19 \u00e9mises par Transports Canada<\/a> (aviation, maritime, transport ferroviaire, transport routier)\r\n\r\n&nbsp;\r\n\r\n&nbsp;","protected":false},"excerpt":{"rendered":"Communications sp\u00e9ciales CargoM \u2013 COVID-19 4e \u00e9dition CargoM vous informe, depuis le d\u00e9but de la pand\u00e9mie, sur l\u2019\u00e9volution de la situation par l\u2019entremise de communications sp\u00e9ciales. Nous travaillons en \u00e9troite collaboration avec nos membres, les instances gouvernementales et nos partenaires afin de maintenir renseign\u00e9s les acteurs de la cha\u00eene logistique du Grand Montr\u00e9al. Vous trouverez, [&hellip;]","protected":false},"author":39,"featured_media":8018,"comment_status":"open","ping_status":"open","sticky":false,"template":"","format":"standard","meta":{"_acf_changed":false,"footnotes":""},"categories":[20],"tags":[],"class_list":["post-8013","post","type-post","status-publish","format-standard","has-post-thumbnail","hentry","category-services-logistiques"],"acf":[],"yoast_head":"<!-- This site is optimized with the Yoast SEO plugin v27.3 - https:\/\/yoast.com\/product\/yoast-seo-wordpress\/ -->\n<title>4e \u00e9dition - 22 mai 2020 - CargoM<\/title>\n<meta name=\"robots\" content=\"index, follow, max-snippet:-1, max-image-preview:large, max-video-preview:-1\" \/>\n<link rel=\"canonical\" href=\"https:\/\/www.cargo-montreal.ca\/fr\/4e-edition-22-mai-2020\/\" \/>\n<meta property=\"og:locale\" content=\"fr_FR\" \/>\n<meta property=\"og:type\" content=\"article\" \/>\n<meta property=\"og:title\" content=\"4e \u00e9dition - 22 mai 2020 - CargoM\" \/>\n<meta property=\"og:description\" content=\"Communications sp\u00e9ciales CargoM \u2013 COVID-19 4e \u00e9dition CargoM vous informe, depuis le d\u00e9but de la pand\u00e9mie, sur l\u2019\u00e9volution de la situation par l\u2019entremise de communications sp\u00e9ciales. Nous travaillons en \u00e9troite collaboration avec nos membres, les instances gouvernementales et nos partenaires afin de maintenir renseign\u00e9s les acteurs de la cha\u00eene logistique du Grand Montr\u00e9al. Vous trouverez, [&hellip;]\" \/>\n<meta property=\"og:url\" content=\"https:\/\/www.cargo-montreal.ca\/fr\/4e-edition-22-mai-2020\/\" \/>\n<meta property=\"og:site_name\" content=\"CargoM\" \/>\n<meta property=\"article:published_time\" content=\"2020-05-22T15:22:13+00:00\" \/>\n<meta property=\"article:modified_time\" content=\"2020-06-02T14:57:36+00:00\" \/>\n<meta property=\"og:image\" content=\"https:\/\/www.cargo-montreal.ca\/wp-content\/uploads\/2020\/05\/Slide1-1.jpg\" \/>\n\t<meta property=\"og:image:width\" content=\"1280\" \/>\n\t<meta property=\"og:image:height\" content=\"720\" \/>\n\t<meta property=\"og:image:type\" content=\"image\/jpeg\" \/>\n<meta name=\"author\" content=\"Karine Dudognon\" \/>\n<meta name=\"twitter:card\" content=\"summary_large_image\" \/>\n<meta name=\"twitter:label1\" content=\"\u00c9crit par\" \/>\n\t<meta name=\"twitter:data1\" content=\"Karine Dudognon\" \/>\n\t<meta name=\"twitter:label2\" content=\"Dur\u00e9e de lecture estim\u00e9e\" \/>\n\t<meta name=\"twitter:data2\" content=\"7 minutes\" \/>\n<script type=\"application\/ld+json\" class=\"yoast-schema-graph\">{\"@context\":\"https:\\\/\\\/schema.org\",\"@graph\":[{\"@type\":\"Article\",\"@id\":\"https:\\\/\\\/www.cargo-montreal.ca\\\/fr\\\/4e-edition-22-mai-2020\\\/#article\",\"isPartOf\":{\"@id\":\"https:\\\/\\\/www.cargo-montreal.ca\\\/fr\\\/4e-edition-22-mai-2020\\\/\"},\"author\":{\"name\":\"Karine Dudognon\",\"@id\":\"https:\\\/\\\/www.cargo-montreal.ca\\\/fr\\\/#\\\/schema\\\/person\\\/80476d173ce654813db9fd1533901365\"},\"headline\":\"4e \u00e9dition &#8211; 22 mai 2020\",\"datePublished\":\"2020-05-22T15:22:13+00:00\",\"dateModified\":\"2020-06-02T14:57:36+00:00\",\"mainEntityOfPage\":{\"@id\":\"https:\\\/\\\/www.cargo-montreal.ca\\\/fr\\\/4e-edition-22-mai-2020\\\/\"},\"wordCount\":1389,\"commentCount\":0,\"image\":{\"@id\":\"https:\\\/\\\/www.cargo-montreal.ca\\\/fr\\\/4e-edition-22-mai-2020\\\/#primaryimage\"},\"thumbnailUrl\":\"https:\\\/\\\/www.cargo-montreal.ca\\\/wp-content\\\/uploads\\\/2020\\\/05\\\/Slide1-1.jpg\",\"articleSection\":[\"Services logistiques\"],\"inLanguage\":\"fr-FR\",\"potentialAction\":[{\"@type\":\"CommentAction\",\"name\":\"Comment\",\"target\":[\"https:\\\/\\\/www.cargo-montreal.ca\\\/fr\\\/4e-edition-22-mai-2020\\\/#respond\"]}]},{\"@type\":\"WebPage\",\"@id\":\"https:\\\/\\\/www.cargo-montreal.ca\\\/fr\\\/4e-edition-22-mai-2020\\\/\",\"url\":\"https:\\\/\\\/www.cargo-montreal.ca\\\/fr\\\/4e-edition-22-mai-2020\\\/\",\"name\":\"4e \u00e9dition - 22 mai 2020 - CargoM\",\"isPartOf\":{\"@id\":\"https:\\\/\\\/www.cargo-montreal.ca\\\/fr\\\/#website\"},\"primaryImageOfPage\":{\"@id\":\"https:\\\/\\\/www.cargo-montreal.ca\\\/fr\\\/4e-edition-22-mai-2020\\\/#primaryimage\"},\"image\":{\"@id\":\"https:\\\/\\\/www.cargo-montreal.ca\\\/fr\\\/4e-edition-22-mai-2020\\\/#primaryimage\"},\"thumbnailUrl\":\"https:\\\/\\\/www.cargo-montreal.ca\\\/wp-content\\\/uploads\\\/2020\\\/05\\\/Slide1-1.jpg\",\"datePublished\":\"2020-05-22T15:22:13+00:00\",\"dateModified\":\"2020-06-02T14:57:36+00:00\",\"author\":{\"@id\":\"https:\\\/\\\/www.cargo-montreal.ca\\\/fr\\\/#\\\/schema\\\/person\\\/80476d173ce654813db9fd1533901365\"},\"breadcrumb\":{\"@id\":\"https:\\\/\\\/www.cargo-montreal.ca\\\/fr\\\/4e-edition-22-mai-2020\\\/#breadcrumb\"},\"inLanguage\":\"fr-FR\",\"potentialAction\":[{\"@type\":\"ReadAction\",\"target\":[\"https:\\\/\\\/www.cargo-montreal.ca\\\/fr\\\/4e-edition-22-mai-2020\\\/\"]}]},{\"@type\":\"ImageObject\",\"inLanguage\":\"fr-FR\",\"@id\":\"https:\\\/\\\/www.cargo-montreal.ca\\\/fr\\\/4e-edition-22-mai-2020\\\/#primaryimage\",\"url\":\"https:\\\/\\\/www.cargo-montreal.ca\\\/wp-content\\\/uploads\\\/2020\\\/05\\\/Slide1-1.jpg\",\"contentUrl\":\"https:\\\/\\\/www.cargo-montreal.ca\\\/wp-content\\\/uploads\\\/2020\\\/05\\\/Slide1-1.jpg\",\"width\":1280,\"height\":720},{\"@type\":\"BreadcrumbList\",\"@id\":\"https:\\\/\\\/www.cargo-montreal.ca\\\/fr\\\/4e-edition-22-mai-2020\\\/#breadcrumb\",\"itemListElement\":[{\"@type\":\"ListItem\",\"position\":1,\"name\":\"Home\",\"item\":\"https:\\\/\\\/www.cargo-montreal.ca\\\/fr\\\/\"},{\"@type\":\"ListItem\",\"position\":2,\"name\":\"4e \u00e9dition &#8211; 22 mai 2020\"}]},{\"@type\":\"WebSite\",\"@id\":\"https:\\\/\\\/www.cargo-montreal.ca\\\/fr\\\/#website\",\"url\":\"https:\\\/\\\/www.cargo-montreal.ca\\\/fr\\\/\",\"name\":\"CargoM\",\"description\":\"La mission de CargoM: Rassembler les acteurs de la logistique &amp; du transport de marchandises du Grand Montr\u00e9al autour d&#039;objectifs communs, d&#039;actions concert\u00e9es\",\"potentialAction\":[{\"@type\":\"SearchAction\",\"target\":{\"@type\":\"EntryPoint\",\"urlTemplate\":\"https:\\\/\\\/www.cargo-montreal.ca\\\/fr\\\/?s={search_term_string}\"},\"query-input\":{\"@type\":\"PropertyValueSpecification\",\"valueRequired\":true,\"valueName\":\"search_term_string\"}}],\"inLanguage\":\"fr-FR\"},{\"@type\":\"Person\",\"@id\":\"https:\\\/\\\/www.cargo-montreal.ca\\\/fr\\\/#\\\/schema\\\/person\\\/80476d173ce654813db9fd1533901365\",\"name\":\"Karine Dudognon\",\"image\":{\"@type\":\"ImageObject\",\"inLanguage\":\"fr-FR\",\"@id\":\"https:\\\/\\\/secure.gravatar.com\\\/avatar\\\/673bdfb703a9b6685a88bc7dfb04a9ea2b48b30e9d1663a5e759a4e9bfa3e2c0?s=96&d=mm&r=g\",\"url\":\"https:\\\/\\\/secure.gravatar.com\\\/avatar\\\/673bdfb703a9b6685a88bc7dfb04a9ea2b48b30e9d1663a5e759a4e9bfa3e2c0?s=96&d=mm&r=g\",\"contentUrl\":\"https:\\\/\\\/secure.gravatar.com\\\/avatar\\\/673bdfb703a9b6685a88bc7dfb04a9ea2b48b30e9d1663a5e759a4e9bfa3e2c0?s=96&d=mm&r=g\",\"caption\":\"Karine Dudognon\"},\"url\":\"https:\\\/\\\/www.cargo-montreal.ca\\\/fr\\\/author\\\/karine\\\/\"}]}<\/script>\n<!-- \/ Yoast SEO plugin. -->","yoast_head_json":{"title":"4e \u00e9dition - 22 mai 2020 - CargoM","robots":{"index":"index","follow":"follow","max-snippet":"max-snippet:-1","max-image-preview":"max-image-preview:large","max-video-preview":"max-video-preview:-1"},"canonical":"https:\/\/www.cargo-montreal.ca\/fr\/4e-edition-22-mai-2020\/","og_locale":"fr_FR","og_type":"article","og_title":"4e \u00e9dition - 22 mai 2020 - CargoM","og_description":"Communications sp\u00e9ciales CargoM \u2013 COVID-19 4e \u00e9dition CargoM vous informe, depuis le d\u00e9but de la pand\u00e9mie, sur l\u2019\u00e9volution de la situation par l\u2019entremise de communications sp\u00e9ciales. Nous travaillons en \u00e9troite collaboration avec nos membres, les instances gouvernementales et nos partenaires afin de maintenir renseign\u00e9s les acteurs de la cha\u00eene logistique du Grand Montr\u00e9al. Vous trouverez, [&hellip;]","og_url":"https:\/\/www.cargo-montreal.ca\/fr\/4e-edition-22-mai-2020\/","og_site_name":"CargoM","article_published_time":"2020-05-22T15:22:13+00:00","article_modified_time":"2020-06-02T14:57:36+00:00","og_image":[{"width":1280,"height":720,"url":"https:\/\/www.cargo-montreal.ca\/wp-content\/uploads\/2020\/05\/Slide1-1.jpg","type":"image\/jpeg"}],"author":"Karine Dudognon","twitter_card":"summary_large_image","twitter_misc":{"\u00c9crit par":"Karine Dudognon","Dur\u00e9e de lecture estim\u00e9e":"7 minutes"},"schema":{"@context":"https:\/\/schema.org","@graph":[{"@type":"Article","@id":"https:\/\/www.cargo-montreal.ca\/fr\/4e-edition-22-mai-2020\/#article","isPartOf":{"@id":"https:\/\/www.cargo-montreal.ca\/fr\/4e-edition-22-mai-2020\/"},"author":{"name":"Karine Dudognon","@id":"https:\/\/www.cargo-montreal.ca\/fr\/#\/schema\/person\/80476d173ce654813db9fd1533901365"},"headline":"4e \u00e9dition &#8211; 22 mai 2020","datePublished":"2020-05-22T15:22:13+00:00","dateModified":"2020-06-02T14:57:36+00:00","mainEntityOfPage":{"@id":"https:\/\/www.cargo-montreal.ca\/fr\/4e-edition-22-mai-2020\/"},"wordCount":1389,"commentCount":0,"image":{"@id":"https:\/\/www.cargo-montreal.ca\/fr\/4e-edition-22-mai-2020\/#primaryimage"},"thumbnailUrl":"https:\/\/www.cargo-montreal.ca\/wp-content\/uploads\/2020\/05\/Slide1-1.jpg","articleSection":["Services logistiques"],"inLanguage":"fr-FR","potentialAction":[{"@type":"CommentAction","name":"Comment","target":["https:\/\/www.cargo-montreal.ca\/fr\/4e-edition-22-mai-2020\/#respond"]}]},{"@type":"WebPage","@id":"https:\/\/www.cargo-montreal.ca\/fr\/4e-edition-22-mai-2020\/","url":"https:\/\/www.cargo-montreal.ca\/fr\/4e-edition-22-mai-2020\/","name":"4e \u00e9dition - 22 mai 2020 - CargoM","isPartOf":{"@id":"https:\/\/www.cargo-montreal.ca\/fr\/#website"},"primaryImageOfPage":{"@id":"https:\/\/www.cargo-montreal.ca\/fr\/4e-edition-22-mai-2020\/#primaryimage"},"image":{"@id":"https:\/\/www.cargo-montreal.ca\/fr\/4e-edition-22-mai-2020\/#primaryimage"},"thumbnailUrl":"https:\/\/www.cargo-montreal.ca\/wp-content\/uploads\/2020\/05\/Slide1-1.jpg","datePublished":"2020-05-22T15:22:13+00:00","dateModified":"2020-06-02T14:57:36+00:00","author":{"@id":"https:\/\/www.cargo-montreal.ca\/fr\/#\/schema\/person\/80476d173ce654813db9fd1533901365"},"breadcrumb":{"@id":"https:\/\/www.cargo-montreal.ca\/fr\/4e-edition-22-mai-2020\/#breadcrumb"},"inLanguage":"fr-FR","potentialAction":[{"@type":"ReadAction","target":["https:\/\/www.cargo-montreal.ca\/fr\/4e-edition-22-mai-2020\/"]}]},{"@type":"ImageObject","inLanguage":"fr-FR","@id":"https:\/\/www.cargo-montreal.ca\/fr\/4e-edition-22-mai-2020\/#primaryimage","url":"https:\/\/www.cargo-montreal.ca\/wp-content\/uploads\/2020\/05\/Slide1-1.jpg","contentUrl":"https:\/\/www.cargo-montreal.ca\/wp-content\/uploads\/2020\/05\/Slide1-1.jpg","width":1280,"height":720},{"@type":"BreadcrumbList","@id":"https:\/\/www.cargo-montreal.ca\/fr\/4e-edition-22-mai-2020\/#breadcrumb","itemListElement":[{"@type":"ListItem","position":1,"name":"Home","item":"https:\/\/www.cargo-montreal.ca\/fr\/"},{"@type":"ListItem","position":2,"name":"4e \u00e9dition &#8211; 22 mai 2020"}]},{"@type":"WebSite","@id":"https:\/\/www.cargo-montreal.ca\/fr\/#website","url":"https:\/\/www.cargo-montreal.ca\/fr\/","name":"CargoM","description":"La mission de CargoM: Rassembler les acteurs de la logistique &amp; du transport de marchandises du Grand Montr\u00e9al autour d&#039;objectifs communs, d&#039;actions concert\u00e9es","potentialAction":[{"@type":"SearchAction","target":{"@type":"EntryPoint","urlTemplate":"https:\/\/www.cargo-montreal.ca\/fr\/?s={search_term_string}"},"query-input":{"@type":"PropertyValueSpecification","valueRequired":true,"valueName":"search_term_string"}}],"inLanguage":"fr-FR"},{"@type":"Person","@id":"https:\/\/www.cargo-montreal.ca\/fr\/#\/schema\/person\/80476d173ce654813db9fd1533901365","name":"Karine Dudognon","image":{"@type":"ImageObject","inLanguage":"fr-FR","@id":"https:\/\/secure.gravatar.com\/avatar\/673bdfb703a9b6685a88bc7dfb04a9ea2b48b30e9d1663a5e759a4e9bfa3e2c0?s=96&d=mm&r=g","url":"https:\/\/secure.gravatar.com\/avatar\/673bdfb703a9b6685a88bc7dfb04a9ea2b48b30e9d1663a5e759a4e9bfa3e2c0?s=96&d=mm&r=g","contentUrl":"https:\/\/secure.gravatar.com\/avatar\/673bdfb703a9b6685a88bc7dfb04a9ea2b48b30e9d1663a5e759a4e9bfa3e2c0?s=96&d=mm&r=g","caption":"Karine Dudognon"},"url":"https:\/\/www.cargo-montreal.ca\/fr\/author\/karine\/"}]}},"_links":{"self":[{"href":"https:\/\/www.cargo-montreal.ca\/fr\/wp-json\/wp\/v2\/posts\/8013","targetHints":{"allow":["GET"]}}],"collection":[{"href":"https:\/\/www.cargo-montreal.ca\/fr\/wp-json\/wp\/v2\/posts"}],"about":[{"href":"https:\/\/www.cargo-montreal.ca\/fr\/wp-json\/wp\/v2\/types\/post"}],"author":[{"embeddable":true,"href":"https:\/\/www.cargo-montreal.ca\/fr\/wp-json\/wp\/v2\/users\/39"}],"replies":[{"embeddable":true,"href":"https:\/\/www.cargo-montreal.ca\/fr\/wp-json\/wp\/v2\/comments?post=8013"}],"version-history":[{"count":4,"href":"https:\/\/www.cargo-montreal.ca\/fr\/wp-json\/wp\/v2\/posts\/8013\/revisions"}],"predecessor-version":[{"id":8034,"href":"https:\/\/www.cargo-montreal.ca\/fr\/wp-json\/wp\/v2\/posts\/8013\/revisions\/8034"}],"wp:featuredmedia":[{"embeddable":true,"href":"https:\/\/www.cargo-montreal.ca\/fr\/wp-json\/wp\/v2\/media\/8018"}],"wp:attachment":[{"href":"https:\/\/www.cargo-montreal.ca\/fr\/wp-json\/wp\/v2\/media?parent=8013"}],"wp:term":[{"taxonomy":"category","embeddable":true,"href":"https:\/\/www.cargo-montreal.ca\/fr\/wp-json\/wp\/v2\/categories?post=8013"},{"taxonomy":"post_tag","embeddable":true,"href":"https:\/\/www.cargo-montreal.ca\/fr\/wp-json\/wp\/v2\/tags?post=8013"}],"curies":[{"name":"wp","href":"https:\/\/api.w.org\/{rel}","templated":true}]}}